{"id":91634,"date":"2018-02-09T13:50:50","date_gmt":"2018-02-09T15:50:50","guid":{"rendered":"http:\/\/diarioregionaljf.com.br\/2018\/02\/09\/exportacao-de-cafe-reduz-5-9-em-janeiro\/"},"modified":"2018-02-09T13:50:50","modified_gmt":"2018-02-09T15:50:50","slug":"exportacao-de-cafe-reduz-5-9-em-janeiro","status":"publish","type":"post","link":"https:\/\/diarioregionaldigital.com.br\/?p=91634","title":{"rendered":"Exporta\u00e7\u00e3o de caf\u00e9 reduz 5,9% em janeiro"},"content":{"rendered":"<p>As exporta\u00e7\u00f5es de caf\u00e9 recuaram 5,9%, em janeiro, na compara\u00e7\u00e3o com o mesmo m\u00eas no ano passado, segundo o Conselho dos Exportadores de Caf\u00e9 do Brasil (Cecaf\u00e9). Foram exportadas 2.490.023 sacas, com receita cambial de US$400,9 milh\u00f5es.<\/p>\n<p>O caf\u00e9 ar\u00e1bica respondeu por 93% do volume total de exporta\u00e7\u00f5es (2.316.280 sacas), seguido pelo sol\u00favel, com 6,5% (160.766 sacas), e robusta, com 0,5% (11.320 sacas). O pre\u00e7o m\u00e9dio foi de US$161,01, com decr\u00e9scimo de 8,5% na compara\u00e7\u00e3o com o mesmo per\u00edodo do ano passado, quando a m\u00e9dia era de US$175,96.<\/p>\n<h4>&nbsp;<\/h4>\n<h4>PA\u00cdSES<\/h4>\n<p>A Alemanha foi o maior importador do caf\u00e9 brasileiro em janeiro, com 20,6% de participa\u00e7\u00e3o (513.070 sacas). Os Estados Unidos, que lideravam o ranking desde mar\u00e7o de 2017, ocupam a segunda posi\u00e7\u00e3o, com 17,9% (444.726 sacas). O Jap\u00e3o est\u00e1 na terceira coloca\u00e7\u00e3o com 8,8% de participa\u00e7\u00e3o (218.817 sacas).<\/p>\n<p>Ainda figuram no ranking a It\u00e1lia, com 8,6% (214.808 sacas), e B\u00e9lgica, com 6,5% (162.413 sacas). No per\u00edodo, o Reino Unido e o Canad\u00e1 ganham destaque com crescimento nos embarques recebidos do Brasil, respectivamente de 38,25% (62.967 sacas) e 15,52% (58.076 sacas).<\/p>\n<p>Pelo Porto de Santos saiu a maior parte das exporta\u00e7\u00f5es, equivalente a 83,5% (2.079.833 sacas). O Porto do Rio de Janeiro aparece na sequ\u00eancia, com 12,7% dos embarques (315.384 sacas).<\/p>\n<h4>&nbsp;<\/h4>\n<h4>CAF\u00c9 DIFERENCIADO<\/h4>\n<p>Os caf\u00e9s diferenciados registraram 21,1% de participa\u00e7\u00e3o nas exporta\u00e7\u00f5es em janeiro. No mesmo m\u00eas do ano passado, esse volume representou 14,9%. O total de sacas exportadas foi de 524.851 e o pre\u00e7o m\u00e9dio ficou em US$189,39.<\/p>\n<p>Fonte: Ag\u00eancia Brasil<\/p>\n","protected":false},"excerpt":{"rendered":"<p>As exporta\u00e7\u00f5es de caf\u00e9 recuaram 5,9%, em janeiro, na compara\u00e7\u00e3o com o mesmo m\u00eas no ano passado, segundo o Conselho dos Exportadores de Caf\u00e9 do Brasil (Cecaf\u00e9). Foram exportadas 2.490.023 sacas, com receita cambial de US$400,9 milh\u00f5es. O caf\u00e9 ar\u00e1bica respondeu por 93% do volume total de exporta\u00e7\u00f5es (2.316.280 sacas), seguido pelo sol\u00favel, com 6,5% [&hellip;]<\/p>\n","protected":false},"author":96,"featured_media":91633,"comment_status":"closed","ping_status":"closed","sticky":false,"template":"","format":"standard","meta":{"footnotes":""},"categories":[261],"tags":[],"class_list":["post-91634","post","type-post","status-publish","format-standard","has-post-thumbnail","hentry","category-economia"],"_links":{"self":[{"href":"https:\/\/diarioregionaldigital.com.br\/index.php?rest_route=\/wp\/v2\/posts\/91634","targetHints":{"allow":["GET"]}}],"collection":[{"href":"https:\/\/diarioregionaldigital.com.br\/index.php?rest_route=\/wp\/v2\/posts"}],"about":[{"href":"https:\/\/diarioregionaldigital.com.br\/index.php?rest_route=\/wp\/v2\/types\/post"}],"author":[{"embeddable":true,"href":"https:\/\/diarioregionaldigital.com.br\/index.php?rest_route=\/wp\/v2\/users\/96"}],"replies":[{"embeddable":true,"href":"https:\/\/diarioregionaldigital.com.br\/index.php?rest_route=%2Fwp%2Fv2%2Fcomments&post=91634"}],"version-history":[{"count":0,"href":"https:\/\/diarioregionaldigital.com.br\/index.php?rest_route=\/wp\/v2\/posts\/91634\/revisions"}],"wp:featuredmedia":[{"embeddable":true,"href":"https:\/\/diarioregionaldigital.com.br\/index.php?rest_route=\/wp\/v2\/media\/91633"}],"wp:attachment":[{"href":"https:\/\/diarioregionaldigital.com.br\/index.php?rest_route=%2Fwp%2Fv2%2Fmedia&parent=91634"}],"wp:term":[{"taxonomy":"category","embeddable":true,"href":"https:\/\/diarioregionaldigital.com.br\/index.php?rest_route=%2Fwp%2Fv2%2Fcategories&post=91634"},{"taxonomy":"post_tag","embeddable":true,"href":"https:\/\/diarioregionaldigital.com.br\/index.php?rest_route=%2Fwp%2Fv2%2Ftags&post=91634"}],"curies":[{"name":"wp","href":"https:\/\/api.w.org\/{rel}","templated":true}]}}