{"id":91632,"date":"2018-02-09T13:47:30","date_gmt":"2018-02-09T15:47:30","guid":{"rendered":"http:\/\/diarioregionaljf.com.br\/2018\/02\/09\/agencias-bancarias-reabrem-na-proxima-quarta-feira-para-atendimento-ao-publico\/"},"modified":"2018-02-09T13:47:30","modified_gmt":"2018-02-09T15:47:30","slug":"agencias-bancarias-reabrem-na-proxima-quarta-feira-para-atendimento-ao-publico","status":"publish","type":"post","link":"https:\/\/diarioregionaldigital.com.br\/?p=91632","title":{"rendered":"Ag\u00eancias banc\u00e1rias reabrem na proxima quarta-feira para atendimento ao p\u00fablico"},"content":{"rendered":"<p>As ag\u00eancias banc\u00e1rias estar\u00e3o fechadas para atendimento ao p\u00fablico na pr\u00f3xima segunda-feira, 12, e na ter\u00e7a-feira, 13. Na Quarta-feira de Cinzas, 14, os bancos abrir\u00e3o ao meio-dia.<\/p>\n<p>A Federe\u00e7\u00e3o Brasileira de Bancos (Febraban) informou que a popula\u00e7\u00e3o pode utilizar os canais eletr\u00f4nicos e correspondentes para o pagamento das contas. Al\u00e9m disso, os tributos que possuem c\u00f3digo de barras podem ter o seu pagamento agendado nos caixas eletr\u00f4nicos, no internet banking e pelo atendimento telef\u00f4nico do banco. J\u00e1 os boletos banc\u00e1rios de clientes cadastrados como sacados eletr\u00f4nicos poder\u00e3o ser pagos via D\u00e9bito Direto Autorizado (DDA).<\/p>\n<p>A federa\u00e7\u00e3o lembra que os bancos possuem ferramentas que possibilitam ao cliente agendar pagamentos e acompanhar os lan\u00e7amentos na conta-corrente pelo aplicativo no celular.<\/p>\n<p>As contas de consumo (\u00e1gua, energia, telefone etc) e carn\u00eas que tiverem os dias 12 ou 13 como data de vencimento poder\u00e3o ser pagas sem acr\u00e9scimo na quarta-feira. Normalmente, os tributos j\u00e1 v\u00eam com datas ajustadas ao calend\u00e1rio de feriados nacionais, estaduais e municipais. Caso isso n\u00e3o tenha ocorrido no documento de arrecada\u00e7\u00e3o, a sugest\u00e3o \u00e9 antecipar o pagamento, informou a Febraban.<\/p>\n<p>Fonte: Ag\u00eancia Brasil<\/p>\n","protected":false},"excerpt":{"rendered":"<p>As ag\u00eancias banc\u00e1rias estar\u00e3o fechadas para atendimento ao p\u00fablico na pr\u00f3xima segunda-feira, 12, e na ter\u00e7a-feira, 13. Na Quarta-feira de Cinzas, 14, os bancos abrir\u00e3o ao meio-dia. A Federe\u00e7\u00e3o Brasileira de Bancos (Febraban) informou que a popula\u00e7\u00e3o pode utilizar os canais eletr\u00f4nicos e correspondentes para o pagamento das contas. Al\u00e9m disso, os tributos que possuem [&hellip;]<\/p>\n","protected":false},"author":96,"featured_media":91631,"comment_status":"closed","ping_status":"closed","sticky":false,"template":"","format":"standard","meta":{"footnotes":""},"categories":[261],"tags":[],"class_list":["post-91632","post","type-post","status-publish","format-standard","has-post-thumbnail","hentry","category-economia"],"_links":{"self":[{"href":"https:\/\/diarioregionaldigital.com.br\/index.php?rest_route=\/wp\/v2\/posts\/91632","targetHints":{"allow":["GET"]}}],"collection":[{"href":"https:\/\/diarioregionaldigital.com.br\/index.php?rest_route=\/wp\/v2\/posts"}],"about":[{"href":"https:\/\/diarioregionaldigital.com.br\/index.php?rest_route=\/wp\/v2\/types\/post"}],"author":[{"embeddable":true,"href":"https:\/\/diarioregionaldigital.com.br\/index.php?rest_route=\/wp\/v2\/users\/96"}],"replies":[{"embeddable":true,"href":"https:\/\/diarioregionaldigital.com.br\/index.php?rest_route=%2Fwp%2Fv2%2Fcomments&post=91632"}],"version-history":[{"count":0,"href":"https:\/\/diarioregionaldigital.com.br\/index.php?rest_route=\/wp\/v2\/posts\/91632\/revisions"}],"wp:featuredmedia":[{"embeddable":true,"href":"https:\/\/diarioregionaldigital.com.br\/index.php?rest_route=\/wp\/v2\/media\/91631"}],"wp:attachment":[{"href":"https:\/\/diarioregionaldigital.com.br\/index.php?rest_route=%2Fwp%2Fv2%2Fmedia&parent=91632"}],"wp:term":[{"taxonomy":"category","embeddable":true,"href":"https:\/\/diarioregionaldigital.com.br\/index.php?rest_route=%2Fwp%2Fv2%2Fcategories&post=91632"},{"taxonomy":"post_tag","embeddable":true,"href":"https:\/\/diarioregionaldigital.com.br\/index.php?rest_route=%2Fwp%2Fv2%2Ftags&post=91632"}],"curies":[{"name":"wp","href":"https:\/\/api.w.org\/{rel}","templated":true}]}}