{"id":91628,"date":"2018-02-09T13:37:15","date_gmt":"2018-02-09T15:37:15","guid":{"rendered":"http:\/\/diarioregionaljf.com.br\/2018\/02\/09\/vitima-de-febre-amarela-morre-em-paulo-de-frontin-mortes-no-rio-chegam-a-25\/"},"modified":"2018-02-09T13:37:15","modified_gmt":"2018-02-09T15:37:15","slug":"vitima-de-febre-amarela-morre-em-paulo-de-frontin-mortes-no-rio-chegam-a-25","status":"publish","type":"post","link":"https:\/\/diarioregionaldigital.com.br\/?p=91628","title":{"rendered":"V\u00edtima de febre amarela morre em Paulo de Frontin; mortes no Rio chegam a 25"},"content":{"rendered":"<p>A Secretaria Estadual de Sa\u00fade do Rio de Janeiro confirmou nessa sexta-feira, 9, mais uma morte por febre amarela no estado. O caso aconteceu no munic\u00edpio de Paulo de Frontin no sul fluminense. O estado j\u00e1 registrou 25 mortes e 55 casos da doen\u00e7a, de acordo com a Secretaria.<\/p>\n<p>Al\u00e9m de Paulo de Frontin, foram registradas mortes em Valen\u00e7a (seis), Teres\u00f3polis (quatro), Nova Friburgo (tr\u00eas), Rio das Flores (duas), Sumidouro (duas), Cantagalo (duas), Angra dos Reis (duas), Miguel Pereira (uma), Para\u00edba do Sul (uma) e Carmo (uma).<\/p>\n<p>A maior parte dos casos foi registrada nas cidades de Valen\u00e7a (16), Teres\u00f3polis (sete), Nova Friburgo (seis), Sumidouro (cinco), Angra dos Reis (quatro) e Cantagalo (tr\u00eas). Os seguintes munic\u00edpios registraram dois casos: Duas Barras, Rio das Flores e Carmo.<\/p>\n<p>Tamb\u00e9m foram registrados casos, sem \u00f3bitos, nas cidades de Petr\u00f3polis, Vassouras, Maric\u00e1, Paty do Alferes e Mangaratiba.<\/p>\n<p>A Secretaria de Sa\u00fade tamb\u00e9m registrou cinco casos de macacos infectados nas cidades de Niter\u00f3i, Angra dos Reis (na localidade de Ilha Grande), Barra Mansa, Valen\u00e7a e Miguel Pereira.<\/p>\n<p>Fonte: Ag\u00eancia Brasil<\/p>\n","protected":false},"excerpt":{"rendered":"<p>A Secretaria Estadual de Sa\u00fade do Rio de Janeiro confirmou nessa sexta-feira, 9, mais uma morte por febre amarela no estado. O caso aconteceu no munic\u00edpio de Paulo de Frontin no sul fluminense. O estado j\u00e1 registrou 25 mortes e 55 casos da doen\u00e7a, de acordo com a Secretaria. Al\u00e9m de Paulo de Frontin, foram [&hellip;]<\/p>\n","protected":false},"author":96,"featured_media":91627,"comment_status":"closed","ping_status":"closed","sticky":false,"template":"","format":"standard","meta":{"footnotes":""},"categories":[302],"tags":[],"class_list":["post-91628","post","type-post","status-publish","format-standard","has-post-thumbnail","hentry","category-brasil-mundo"],"_links":{"self":[{"href":"https:\/\/diarioregionaldigital.com.br\/index.php?rest_route=\/wp\/v2\/posts\/91628","targetHints":{"allow":["GET"]}}],"collection":[{"href":"https:\/\/diarioregionaldigital.com.br\/index.php?rest_route=\/wp\/v2\/posts"}],"about":[{"href":"https:\/\/diarioregionaldigital.com.br\/index.php?rest_route=\/wp\/v2\/types\/post"}],"author":[{"embeddable":true,"href":"https:\/\/diarioregionaldigital.com.br\/index.php?rest_route=\/wp\/v2\/users\/96"}],"replies":[{"embeddable":true,"href":"https:\/\/diarioregionaldigital.com.br\/index.php?rest_route=%2Fwp%2Fv2%2Fcomments&post=91628"}],"version-history":[{"count":0,"href":"https:\/\/diarioregionaldigital.com.br\/index.php?rest_route=\/wp\/v2\/posts\/91628\/revisions"}],"wp:featuredmedia":[{"embeddable":true,"href":"https:\/\/diarioregionaldigital.com.br\/index.php?rest_route=\/wp\/v2\/media\/91627"}],"wp:attachment":[{"href":"https:\/\/diarioregionaldigital.com.br\/index.php?rest_route=%2Fwp%2Fv2%2Fmedia&parent=91628"}],"wp:term":[{"taxonomy":"category","embeddable":true,"href":"https:\/\/diarioregionaldigital.com.br\/index.php?rest_route=%2Fwp%2Fv2%2Fcategories&post=91628"},{"taxonomy":"post_tag","embeddable":true,"href":"https:\/\/diarioregionaldigital.com.br\/index.php?rest_route=%2Fwp%2Fv2%2Ftags&post=91628"}],"curies":[{"name":"wp","href":"https:\/\/api.w.org\/{rel}","templated":true}]}}