{"id":91624,"date":"2018-02-09T13:31:03","date_gmt":"2018-02-09T15:31:03","guid":{"rendered":"http:\/\/diarioregionaljf.com.br\/2018\/02\/09\/senado-dos-eua-aprova-novo-orcamento-texto-vai-ao-plenario-da-camara\/"},"modified":"2018-02-09T13:31:03","modified_gmt":"2018-02-09T15:31:03","slug":"senado-dos-eua-aprova-novo-orcamento-texto-vai-ao-plenario-da-camara","status":"publish","type":"post","link":"https:\/\/diarioregionaldigital.com.br\/?p=91624","title":{"rendered":"Senado dos EUA aprova novo Or\u00e7amento; texto vai ao plen\u00e1rio da C\u00e2mara"},"content":{"rendered":"<p>O Senado dos Estados Unidos (EUA) aprovou, na madrugada dessa sexta-feira, 9, um projeto de Or\u00e7amento para os pr\u00f3ximos dois anos, faltando agora o sinal verde da C\u00e2mara Baixa, que permitiria a reabertura do governo, em fechamento parcial administrativo. O projeto recebeu o apoio de grande parte dos democratas e foi aprovado com 71 votos a favor e 28 contra, informou a ag\u00eancia EFE.<\/p>\n<p>A paralisa\u00e7\u00e3o do governo, chamada em ingl\u00eas de shutdown, \u00e9 a segunda este ano e provoca o fechamento de ag\u00eancias, parques nacionais e de programas mantidos com verbas federais.<\/p>\n<p>Tecnicamente, o governo fica sem dinheiro para cumprir seus compromissos. A administra\u00e7\u00e3o de Donald Trump avisou, por volta de 23h dessa quinta-feira, 8, que os \u00f3rg\u00e3os federais deveriam se preparar para a paralisa\u00e7\u00e3o.<\/p>\n<p>Em janeiro, o governo federal ficou paralisado tr\u00eas dias. Dessa vez, a expectativa, no in\u00edcio da madrugada, era de que a paralisa\u00e7\u00e3o pudesse ser encerrada no decorrer do dia, mas depois do t\u00e9rmino da vota\u00e7\u00e3o no Senado, o projeto ainda precisa ir ao plen\u00e1rio da Casa de Representantes (a C\u00e2mara dos Deputados).<\/p>\n<p>A \u00faltima paralisa\u00e7\u00e3o come\u00e7ou no dia 20 de janeiro, quando o Congresso n\u00e3o conseguiu aprovar &#8211; por falta de acordo &#8211; uma lei de gastos de curto prazo. A paralisa\u00e7\u00e3o terminou tr\u00eas dias depois, com a aprova\u00e7\u00e3o de uma lei para o governo voltar \u00e0s atividades na quinta-feira.<\/p>\n<p>O projeto or\u00e7ament\u00e1rio teve aumento de gastos federais de mais de US$300 bilh\u00f5es e isso se soma ao impasse sobre o futuro dos jovens benefici\u00e1rios do Daca &#8211; o programa de a\u00e7\u00e3o deferida para imigrantes chegados na Inf\u00e2ncia.<\/p>\n<p>O programa perder\u00e1 a validade no dia 23 de mar\u00e7o se a Lei de Imigra\u00e7\u00e3o, em an\u00e1lise no Congresso, n\u00e3o incluir uma prote\u00e7\u00e3o aos jovens benefic\u00e1rios, cerca de 800 mil em todo o pa\u00eds.<\/p>\n<p>Na manh\u00e3 dessa quinta-feira, os l\u00edderes estavam otimistas e afirmaram ter chegado a um acordo para votar, mas ao longo da tarde e \u00e0 noite, cr\u00edticas ao aumento de gastos, at\u00e9 mesmo de dentro da base republicana, e a Lei da Imigra\u00e7\u00e3o, mais o controvertido projeto de constru\u00e7\u00e3o do muro na fronteira com o M\u00e9xico e o destino dos jovens imigrantes arrastou a vota\u00e7\u00e3o e adiou um acordo.<\/p>\n<p>O presidente Donald Trump \u00e9 favor\u00e1vel \u00e0 manuten\u00e7\u00e3o do Daca, mas quer garantidos os recursos para a constru\u00e7\u00e3o do muro fronteiri\u00e7o.<\/p>\n<p>Fonte: Ag\u00eancia Brasil<\/p>\n","protected":false},"excerpt":{"rendered":"<p>O Senado dos Estados Unidos (EUA) aprovou, na madrugada dessa sexta-feira, 9, um projeto de Or\u00e7amento para os pr\u00f3ximos dois anos, faltando agora o sinal verde da C\u00e2mara Baixa, que permitiria a reabertura do governo, em fechamento parcial administrativo. O projeto recebeu o apoio de grande parte dos democratas e foi aprovado com 71 votos [&hellip;]<\/p>\n","protected":false},"author":96,"featured_media":91623,"comment_status":"closed","ping_status":"closed","sticky":false,"template":"","format":"standard","meta":{"footnotes":""},"categories":[302],"tags":[],"class_list":["post-91624","post","type-post","status-publish","format-standard","has-post-thumbnail","hentry","category-brasil-mundo"],"_links":{"self":[{"href":"https:\/\/diarioregionaldigital.com.br\/index.php?rest_route=\/wp\/v2\/posts\/91624","targetHints":{"allow":["GET"]}}],"collection":[{"href":"https:\/\/diarioregionaldigital.com.br\/index.php?rest_route=\/wp\/v2\/posts"}],"about":[{"href":"https:\/\/diarioregionaldigital.com.br\/index.php?rest_route=\/wp\/v2\/types\/post"}],"author":[{"embeddable":true,"href":"https:\/\/diarioregionaldigital.com.br\/index.php?rest_route=\/wp\/v2\/users\/96"}],"replies":[{"embeddable":true,"href":"https:\/\/diarioregionaldigital.com.br\/index.php?rest_route=%2Fwp%2Fv2%2Fcomments&post=91624"}],"version-history":[{"count":0,"href":"https:\/\/diarioregionaldigital.com.br\/index.php?rest_route=\/wp\/v2\/posts\/91624\/revisions"}],"wp:featuredmedia":[{"embeddable":true,"href":"https:\/\/diarioregionaldigital.com.br\/index.php?rest_route=\/wp\/v2\/media\/91623"}],"wp:attachment":[{"href":"https:\/\/diarioregionaldigital.com.br\/index.php?rest_route=%2Fwp%2Fv2%2Fmedia&parent=91624"}],"wp:term":[{"taxonomy":"category","embeddable":true,"href":"https:\/\/diarioregionaldigital.com.br\/index.php?rest_route=%2Fwp%2Fv2%2Fcategories&post=91624"},{"taxonomy":"post_tag","embeddable":true,"href":"https:\/\/diarioregionaldigital.com.br\/index.php?rest_route=%2Fwp%2Fv2%2Ftags&post=91624"}],"curies":[{"name":"wp","href":"https:\/\/api.w.org\/{rel}","templated":true}]}}