{"id":91622,"date":"2018-02-09T13:25:41","date_gmt":"2018-02-09T15:25:41","guid":{"rendered":"http:\/\/diarioregionaljf.com.br\/2018\/02\/09\/tribunal-penal-internacional-vai-abrir-investigacoes-sobre-venezuela-e-filipinas\/"},"modified":"2018-02-09T13:25:41","modified_gmt":"2018-02-09T15:25:41","slug":"tribunal-penal-internacional-vai-abrir-investigacoes-sobre-venezuela-e-filipinas","status":"publish","type":"post","link":"https:\/\/diarioregionaldigital.com.br\/?p=91622","title":{"rendered":"Tribunal Penal Internacional vai abrir investiga\u00e7\u00f5es sobre Venezuela e Filipinas"},"content":{"rendered":"<p>A promotora-chefe do Tribunal Penal Internacional (TPI), Fatou Bensouda, anunciou nessa quinta-feira, 8, a abertura de investiga\u00e7\u00f5es sobre supostos crimes cometidos por for\u00e7as policiais e de seguran\u00e7a na Venezuela e nas Filipinas. O an\u00fancio \u00e9 a primeira etapa que acontece antes da realiza\u00e7\u00e3o de investiga\u00e7\u00f5es completas, que podem terminar com acusa\u00e7\u00f5es no TPI. A informa\u00e7\u00e3o \u00e9 da ONU News.<\/p>\n<p>Fatou Bensouda disse que o foco da investiga\u00e7\u00e3o sobre as Filipinas ser\u00e3o alega\u00e7\u00f5es de que milhares de pessoas foram mortas desde julho de 2016 por &#8220;envolvimento no uso ou tratamento ilegal de drogas&#8221; no contexto da guerra contra os entopercentes lan\u00e7ado pelo governo. Apesar de algumas destas mortes terem ocorrido em combates entre ou contra gangues, h\u00e1 a suspeita de que foram cometidos assassinatos extrajudiciais.<\/p>\n<p>Em rela\u00e7\u00e3o \u00e0 Venezuela ser\u00e3o examinadas as alega\u00e7\u00f5es de que tropas do governo teriam usado for\u00e7a excessiva para dispersar e reprimir manifesta\u00e7\u00f5es, al\u00e9m do abuso a alguns membros da oposi\u00e7\u00e3o detidos desde abril de 2017. A promotora ressaltou que, al\u00e9m disso, alguns manifestantes recorreram \u00e0 viol\u00eancia, que provocou a morte e ferimento de membros das for\u00e7as de seguran\u00e7a. Ela disse que n\u00e3o h\u00e1 prazos legais para a dura\u00e7\u00e3o de um exame preliminar.<\/p>\n<p>Em nota, o Tribunal Penal Internacional explica que, dependendo dos fatos e das circunst\u00e2ncias de cada situa\u00e7\u00e3o, ser\u00e1 decidido se ser\u00e1 inicia uma investiga\u00e7\u00e3o ou se esta ser\u00e1 sujeita a uma revis\u00e3o judicial, se for apropriado.<\/p>\n<p>Fonte: Ag\u00eancia Brasil<\/p>\n","protected":false},"excerpt":{"rendered":"<p>A promotora-chefe do Tribunal Penal Internacional (TPI), Fatou Bensouda, anunciou nessa quinta-feira, 8, a abertura de investiga\u00e7\u00f5es sobre supostos crimes cometidos por for\u00e7as policiais e de seguran\u00e7a na Venezuela e nas Filipinas. O an\u00fancio \u00e9 a primeira etapa que acontece antes da realiza\u00e7\u00e3o de investiga\u00e7\u00f5es completas, que podem terminar com acusa\u00e7\u00f5es no TPI. A informa\u00e7\u00e3o [&hellip;]<\/p>\n","protected":false},"author":96,"featured_media":91621,"comment_status":"closed","ping_status":"closed","sticky":false,"template":"","format":"standard","meta":{"footnotes":""},"categories":[302],"tags":[],"class_list":["post-91622","post","type-post","status-publish","format-standard","has-post-thumbnail","hentry","category-brasil-mundo"],"_links":{"self":[{"href":"https:\/\/diarioregionaldigital.com.br\/index.php?rest_route=\/wp\/v2\/posts\/91622","targetHints":{"allow":["GET"]}}],"collection":[{"href":"https:\/\/diarioregionaldigital.com.br\/index.php?rest_route=\/wp\/v2\/posts"}],"about":[{"href":"https:\/\/diarioregionaldigital.com.br\/index.php?rest_route=\/wp\/v2\/types\/post"}],"author":[{"embeddable":true,"href":"https:\/\/diarioregionaldigital.com.br\/index.php?rest_route=\/wp\/v2\/users\/96"}],"replies":[{"embeddable":true,"href":"https:\/\/diarioregionaldigital.com.br\/index.php?rest_route=%2Fwp%2Fv2%2Fcomments&post=91622"}],"version-history":[{"count":0,"href":"https:\/\/diarioregionaldigital.com.br\/index.php?rest_route=\/wp\/v2\/posts\/91622\/revisions"}],"wp:featuredmedia":[{"embeddable":true,"href":"https:\/\/diarioregionaldigital.com.br\/index.php?rest_route=\/wp\/v2\/media\/91621"}],"wp:attachment":[{"href":"https:\/\/diarioregionaldigital.com.br\/index.php?rest_route=%2Fwp%2Fv2%2Fmedia&parent=91622"}],"wp:term":[{"taxonomy":"category","embeddable":true,"href":"https:\/\/diarioregionaldigital.com.br\/index.php?rest_route=%2Fwp%2Fv2%2Fcategories&post=91622"},{"taxonomy":"post_tag","embeddable":true,"href":"https:\/\/diarioregionaldigital.com.br\/index.php?rest_route=%2Fwp%2Fv2%2Ftags&post=91622"}],"curies":[{"name":"wp","href":"https:\/\/api.w.org\/{rel}","templated":true}]}}