{"id":91620,"date":"2018-02-09T13:21:48","date_gmt":"2018-02-09T15:21:48","guid":{"rendered":"http:\/\/diarioregionaljf.com.br\/2018\/02\/09\/separatistas-catalaes-ainda-tentam-acordo-para-formar-governo\/"},"modified":"2018-02-09T13:21:48","modified_gmt":"2018-02-09T15:21:48","slug":"separatistas-catalaes-ainda-tentam-acordo-para-formar-governo","status":"publish","type":"post","link":"https:\/\/diarioregionaldigital.com.br\/?p=91620","title":{"rendered":"Separatistas catal\u00e3es ainda tentam acordo para formar governo"},"content":{"rendered":"<p>Os dois partidos separatistas mais fortes da Catalunha, JuntsXCat (Juntos pela Catalunha) e ERC (Esquerda Republicana da Catalunha), continuam tentando chegar a acordo para formar um governo efetivo. O desafio ainda \u00e9 encontrar uma maneira de que Carles Puigdemont, ex-presidente destitu\u00eddo e principal candidato a reassumir o cargo, possa ser investido estando autoexilado em Bruxelas.<\/p>\n<p>As negocia\u00e7\u00f5es entre os dois partidos parecem estar evoluindo e h\u00e1 nova estrat\u00e9gia: empossar a deputada Elsa Artadi, aliada de Puigdemont, para presidir a institui\u00e7\u00e3o. A ideia \u00e9 que Puigdemont seja o presidente e siga governando desde Bruxelas, enquanto Elsa faria a parte executiva em nome dele.<\/p>\n<p>N\u00e3o h\u00e1 ainda a confirma\u00e7\u00e3o de que essa estrat\u00e9gia ser\u00e1 posta em pr\u00e1tica, apesar de deputados do JuntsXCat terem afirmado que sim.<\/p>\n<p>O desafio dos separatistas \u00e9 conseguir que Puigdemont mantenha a dire\u00e7\u00e3o pol\u00edtica do governo, mesmo estando em uma situa\u00e7\u00e3o jur\u00eddica complicada: autoexilado na B\u00e9lgica, com ordem de deten\u00e7\u00e3o na Espanha.<\/p>\n<p>Uma sa\u00edda que foi sugerida pelos independentistas para conseguir manter Puigdemont como l\u00edder da Catalunha \u00e9 a cria\u00e7\u00e3o de um Conselho da Rep\u00fablica, que teria de ser criado por meio de uma reforma na Lei da Presid\u00eancia e do governo da regi\u00e3o. Como a oposi\u00e7\u00e3o certamente votaria contra uma iniciativa dessa natureza, os separatistas j\u00e1 pensaram em criar um conselho puramente simb\u00f3lico, para dificultar que o Tribunal Constitucional se manifeste contra.<\/p>\n<p>As negocia\u00e7\u00f5es a respeito dessas possibilidades de investidura seguir\u00e3o durante o dia de hoje. Puigdemont, ao que parece, n\u00e3o desistir\u00e1 de assumir a presid\u00eancia da Generalitat (governo da Catalunha) e seguir\u00e1 buscando meios para realizar seu objetivo, mesmo estando na B\u00e9lgica.<\/p>\n<p>Fonte: Ag\u00eancia Brasil<\/p>\n","protected":false},"excerpt":{"rendered":"<p>Os dois partidos separatistas mais fortes da Catalunha, JuntsXCat (Juntos pela Catalunha) e ERC (Esquerda Republicana da Catalunha), continuam tentando chegar a acordo para formar um governo efetivo. O desafio ainda \u00e9 encontrar uma maneira de que Carles Puigdemont, ex-presidente destitu\u00eddo e principal candidato a reassumir o cargo, possa ser investido estando autoexilado em Bruxelas. [&hellip;]<\/p>\n","protected":false},"author":96,"featured_media":91619,"comment_status":"closed","ping_status":"closed","sticky":false,"template":"","format":"standard","meta":{"footnotes":""},"categories":[302],"tags":[],"class_list":["post-91620","post","type-post","status-publish","format-standard","has-post-thumbnail","hentry","category-brasil-mundo"],"_links":{"self":[{"href":"https:\/\/diarioregionaldigital.com.br\/index.php?rest_route=\/wp\/v2\/posts\/91620","targetHints":{"allow":["GET"]}}],"collection":[{"href":"https:\/\/diarioregionaldigital.com.br\/index.php?rest_route=\/wp\/v2\/posts"}],"about":[{"href":"https:\/\/diarioregionaldigital.com.br\/index.php?rest_route=\/wp\/v2\/types\/post"}],"author":[{"embeddable":true,"href":"https:\/\/diarioregionaldigital.com.br\/index.php?rest_route=\/wp\/v2\/users\/96"}],"replies":[{"embeddable":true,"href":"https:\/\/diarioregionaldigital.com.br\/index.php?rest_route=%2Fwp%2Fv2%2Fcomments&post=91620"}],"version-history":[{"count":0,"href":"https:\/\/diarioregionaldigital.com.br\/index.php?rest_route=\/wp\/v2\/posts\/91620\/revisions"}],"wp:featuredmedia":[{"embeddable":true,"href":"https:\/\/diarioregionaldigital.com.br\/index.php?rest_route=\/wp\/v2\/media\/91619"}],"wp:attachment":[{"href":"https:\/\/diarioregionaldigital.com.br\/index.php?rest_route=%2Fwp%2Fv2%2Fmedia&parent=91620"}],"wp:term":[{"taxonomy":"category","embeddable":true,"href":"https:\/\/diarioregionaldigital.com.br\/index.php?rest_route=%2Fwp%2Fv2%2Fcategories&post=91620"},{"taxonomy":"post_tag","embeddable":true,"href":"https:\/\/diarioregionaldigital.com.br\/index.php?rest_route=%2Fwp%2Fv2%2Ftags&post=91620"}],"curies":[{"name":"wp","href":"https:\/\/api.w.org\/{rel}","templated":true}]}}