{"id":91618,"date":"2018-02-09T12:38:07","date_gmt":"2018-02-09T14:38:07","guid":{"rendered":"http:\/\/diarioregionaljf.com.br\/2018\/02\/09\/loja-de-conveniencia-e-assaltada-no-bairro-bandeirantes\/"},"modified":"2018-02-09T12:38:07","modified_gmt":"2018-02-09T14:38:07","slug":"loja-de-conveniencia-e-assaltada-no-bairro-bandeirantes","status":"publish","type":"post","link":"https:\/\/diarioregionaldigital.com.br\/?p=91618","title":{"rendered":"Loja de conveni\u00eancia \u00e9 assaltada no bairro Bandeirantes"},"content":{"rendered":"<p>Uma loja de conveni\u00eancia foi assaltada na noite desta quinta-feira, 8, no bairro Bandeirantes, localizado na zona Nordeste da cidade.<\/p>\n<p>Segundo informa\u00e7\u00f5es da Pol\u00edcia Militar (PM), um funcion\u00e1rio do estabelecimento, de 29 anos, encontrava-se trabalhando quando foi surpreendido por um indiv\u00edduo que anunciou o assalto.<\/p>\n<p>O autor roubou a quantia de R$273 e fugiu ap\u00f3s o crime.<\/p>\n<p>A PM realizou buscas pela regi\u00e3o, mas o indiv\u00edduo n\u00e3o foi encontrado.<\/p>\n","protected":false},"excerpt":{"rendered":"<p>Uma loja de conveni\u00eancia foi assaltada na noite desta quinta-feira, 8, no bairro Bandeirantes, localizado na zona Nordeste da cidade. Segundo informa\u00e7\u00f5es da Pol\u00edcia Militar (PM), um funcion\u00e1rio do estabelecimento, de 29 anos, encontrava-se trabalhando quando foi surpreendido por um indiv\u00edduo que anunciou o assalto. O autor roubou a quantia de R$273 e fugiu ap\u00f3s [&hellip;]<\/p>\n","protected":false},"author":96,"featured_media":91617,"comment_status":"closed","ping_status":"closed","sticky":false,"template":"","format":"standard","meta":{"footnotes":""},"categories":[301],"tags":[],"class_list":["post-91618","post","type-post","status-publish","format-standard","has-post-thumbnail","hentry","category-artigos-policiais"],"_links":{"self":[{"href":"https:\/\/diarioregionaldigital.com.br\/index.php?rest_route=\/wp\/v2\/posts\/91618","targetHints":{"allow":["GET"]}}],"collection":[{"href":"https:\/\/diarioregionaldigital.com.br\/index.php?rest_route=\/wp\/v2\/posts"}],"about":[{"href":"https:\/\/diarioregionaldigital.com.br\/index.php?rest_route=\/wp\/v2\/types\/post"}],"author":[{"embeddable":true,"href":"https:\/\/diarioregionaldigital.com.br\/index.php?rest_route=\/wp\/v2\/users\/96"}],"replies":[{"embeddable":true,"href":"https:\/\/diarioregionaldigital.com.br\/index.php?rest_route=%2Fwp%2Fv2%2Fcomments&post=91618"}],"version-history":[{"count":0,"href":"https:\/\/diarioregionaldigital.com.br\/index.php?rest_route=\/wp\/v2\/posts\/91618\/revisions"}],"wp:featuredmedia":[{"embeddable":true,"href":"https:\/\/diarioregionaldigital.com.br\/index.php?rest_route=\/wp\/v2\/media\/91617"}],"wp:attachment":[{"href":"https:\/\/diarioregionaldigital.com.br\/index.php?rest_route=%2Fwp%2Fv2%2Fmedia&parent=91618"}],"wp:term":[{"taxonomy":"category","embeddable":true,"href":"https:\/\/diarioregionaldigital.com.br\/index.php?rest_route=%2Fwp%2Fv2%2Fcategories&post=91618"},{"taxonomy":"post_tag","embeddable":true,"href":"https:\/\/diarioregionaldigital.com.br\/index.php?rest_route=%2Fwp%2Fv2%2Ftags&post=91618"}],"curies":[{"name":"wp","href":"https:\/\/api.w.org\/{rel}","templated":true}]}}