{"id":91616,"date":"2018-02-09T11:56:57","date_gmt":"2018-02-09T13:56:57","guid":{"rendered":"http:\/\/diarioregionaljf.com.br\/2018\/02\/09\/motorista-inabilitado-bate-em-poste-e-pm-localiza-armas-em-seu-veiculo\/"},"modified":"2018-02-09T11:56:57","modified_gmt":"2018-02-09T13:56:57","slug":"motorista-inabilitado-bate-em-poste-e-pm-localiza-armas-em-seu-veiculo","status":"publish","type":"post","link":"https:\/\/diarioregionaldigital.com.br\/?p=91616","title":{"rendered":"Motorista inabilitado bate em poste e PM localiza armas em seu ve\u00edculo"},"content":{"rendered":"<p>A Pol\u00edcia Militar (PM) registrou na madrugada desta sexta-feira, 9, uma ocorr\u00eancia na qual um homem de 49 anos, chocou-se contra um poste na Avenida Deusdedith Salgado, no bairro Teixeiras, zona Sul.<\/p>\n<p>Uma viatura policial realizava ronda pela regi\u00e3o quando se deparou com o ve\u00edculo, da marca Astra, atravessado na pista, devido \u00e0 colis\u00e3o contra um poste.<\/p>\n<p>Ao averiguarem a situa\u00e7\u00e3o, os policiais constataram que o motorista \u00e9 inabilitado para dire\u00e7\u00e3o e ap\u00f3s buscas no interior do ve\u00edculo, a PM encontrou um rev\u00f3lver calibre 38 e sete muni\u00e7\u00f5es intactas.<\/p>\n<p>A per\u00edcia foi acionada e compareceu ao local.<\/p>\n<p>O motorista passou mal e foi conduzido ao Hospital de Pronto Socorro (HPS), onde permanece em observa\u00e7\u00e3o.<\/p>\n","protected":false},"excerpt":{"rendered":"<p>A Pol\u00edcia Militar (PM) registrou na madrugada desta sexta-feira, 9, uma ocorr\u00eancia na qual um homem de 49 anos, chocou-se contra um poste na Avenida Deusdedith Salgado, no bairro Teixeiras, zona Sul. Uma viatura policial realizava ronda pela regi\u00e3o quando se deparou com o ve\u00edculo, da marca Astra, atravessado na pista, devido \u00e0 colis\u00e3o contra [&hellip;]<\/p>\n","protected":false},"author":96,"featured_media":91615,"comment_status":"closed","ping_status":"closed","sticky":false,"template":"","format":"standard","meta":{"footnotes":""},"categories":[301],"tags":[],"class_list":["post-91616","post","type-post","status-publish","format-standard","has-post-thumbnail","hentry","category-artigos-policiais"],"_links":{"self":[{"href":"https:\/\/diarioregionaldigital.com.br\/index.php?rest_route=\/wp\/v2\/posts\/91616","targetHints":{"allow":["GET"]}}],"collection":[{"href":"https:\/\/diarioregionaldigital.com.br\/index.php?rest_route=\/wp\/v2\/posts"}],"about":[{"href":"https:\/\/diarioregionaldigital.com.br\/index.php?rest_route=\/wp\/v2\/types\/post"}],"author":[{"embeddable":true,"href":"https:\/\/diarioregionaldigital.com.br\/index.php?rest_route=\/wp\/v2\/users\/96"}],"replies":[{"embeddable":true,"href":"https:\/\/diarioregionaldigital.com.br\/index.php?rest_route=%2Fwp%2Fv2%2Fcomments&post=91616"}],"version-history":[{"count":0,"href":"https:\/\/diarioregionaldigital.com.br\/index.php?rest_route=\/wp\/v2\/posts\/91616\/revisions"}],"wp:featuredmedia":[{"embeddable":true,"href":"https:\/\/diarioregionaldigital.com.br\/index.php?rest_route=\/wp\/v2\/media\/91615"}],"wp:attachment":[{"href":"https:\/\/diarioregionaldigital.com.br\/index.php?rest_route=%2Fwp%2Fv2%2Fmedia&parent=91616"}],"wp:term":[{"taxonomy":"category","embeddable":true,"href":"https:\/\/diarioregionaldigital.com.br\/index.php?rest_route=%2Fwp%2Fv2%2Fcategories&post=91616"},{"taxonomy":"post_tag","embeddable":true,"href":"https:\/\/diarioregionaldigital.com.br\/index.php?rest_route=%2Fwp%2Fv2%2Ftags&post=91616"}],"curies":[{"name":"wp","href":"https:\/\/api.w.org\/{rel}","templated":true}]}}