{"id":91614,"date":"2018-02-09T11:38:43","date_gmt":"2018-02-09T13:38:43","guid":{"rendered":"http:\/\/diarioregionaljf.com.br\/2018\/02\/09\/banco-e-arrombado-e-assaltado-no-bairro-sao-mateus\/"},"modified":"2018-02-09T11:38:43","modified_gmt":"2018-02-09T13:38:43","slug":"banco-e-arrombado-e-assaltado-no-bairro-sao-mateus","status":"publish","type":"post","link":"https:\/\/diarioregionaldigital.com.br\/?p=91614","title":{"rendered":"Banco \u00e9 arrombado e assaltado no bairro S\u00e3o Mateus"},"content":{"rendered":"<p>Uma ag\u00eancia banc\u00e1ria foi invadida e assaltada durante a madrugada desta sexta-feira, 9, no bairro S\u00e3o Mateus, localizado na regi\u00e3o central de Juiz de Fora.<\/p>\n<p>De acordo com o registro de ocorr\u00eancias da Pol\u00edcia Militar (PM), uma guarni\u00e7\u00e3o compareceu at\u00e9 o banco e em contato com um funcion\u00e1rio, este relatou que encontrou a porta da ag\u00eancia arrombada e em seu interior um arm\u00e1rio todo revirado.<\/p>\n<p>A gerente do banco, de 51 anos, compareceu ao local a fim de acompanhar o caso.<\/p>\n<p>A per\u00edcia realizou os trabalhos de praxe.<\/p>\n<p>Um notebook de um corretor de seguros foi roubado. A v\u00edtima recebeu as orienta\u00e7\u00f5es necess\u00e1rias.<\/p>\n<p>Nenhum suspeito foi encontrado. As c\u00e2meras de seguran\u00e7a poder\u00e3o ser usadas para investigar o fato.<\/p>\n","protected":false},"excerpt":{"rendered":"<p>Uma ag\u00eancia banc\u00e1ria foi invadida e assaltada durante a madrugada desta sexta-feira, 9, no bairro S\u00e3o Mateus, localizado na regi\u00e3o central de Juiz de Fora. De acordo com o registro de ocorr\u00eancias da Pol\u00edcia Militar (PM), uma guarni\u00e7\u00e3o compareceu at\u00e9 o banco e em contato com um funcion\u00e1rio, este relatou que encontrou a porta da [&hellip;]<\/p>\n","protected":false},"author":96,"featured_media":91613,"comment_status":"closed","ping_status":"closed","sticky":false,"template":"","format":"standard","meta":{"footnotes":""},"categories":[301],"tags":[],"class_list":["post-91614","post","type-post","status-publish","format-standard","has-post-thumbnail","hentry","category-artigos-policiais"],"_links":{"self":[{"href":"https:\/\/diarioregionaldigital.com.br\/index.php?rest_route=\/wp\/v2\/posts\/91614","targetHints":{"allow":["GET"]}}],"collection":[{"href":"https:\/\/diarioregionaldigital.com.br\/index.php?rest_route=\/wp\/v2\/posts"}],"about":[{"href":"https:\/\/diarioregionaldigital.com.br\/index.php?rest_route=\/wp\/v2\/types\/post"}],"author":[{"embeddable":true,"href":"https:\/\/diarioregionaldigital.com.br\/index.php?rest_route=\/wp\/v2\/users\/96"}],"replies":[{"embeddable":true,"href":"https:\/\/diarioregionaldigital.com.br\/index.php?rest_route=%2Fwp%2Fv2%2Fcomments&post=91614"}],"version-history":[{"count":0,"href":"https:\/\/diarioregionaldigital.com.br\/index.php?rest_route=\/wp\/v2\/posts\/91614\/revisions"}],"wp:featuredmedia":[{"embeddable":true,"href":"https:\/\/diarioregionaldigital.com.br\/index.php?rest_route=\/wp\/v2\/media\/91613"}],"wp:attachment":[{"href":"https:\/\/diarioregionaldigital.com.br\/index.php?rest_route=%2Fwp%2Fv2%2Fmedia&parent=91614"}],"wp:term":[{"taxonomy":"category","embeddable":true,"href":"https:\/\/diarioregionaldigital.com.br\/index.php?rest_route=%2Fwp%2Fv2%2Fcategories&post=91614"},{"taxonomy":"post_tag","embeddable":true,"href":"https:\/\/diarioregionaldigital.com.br\/index.php?rest_route=%2Fwp%2Fv2%2Ftags&post=91614"}],"curies":[{"name":"wp","href":"https:\/\/api.w.org\/{rel}","templated":true}]}}