{"id":91612,"date":"2018-02-09T11:19:40","date_gmt":"2018-02-09T13:19:40","guid":{"rendered":"http:\/\/diarioregionaljf.com.br\/2018\/02\/09\/onibus-e-assaltado-por-dupla-armada-no-bairro-sao-pedro\/"},"modified":"2018-02-09T11:19:40","modified_gmt":"2018-02-09T13:19:40","slug":"onibus-e-assaltado-por-dupla-armada-no-bairro-sao-pedro","status":"publish","type":"post","link":"https:\/\/diarioregionaldigital.com.br\/?p=91612","title":{"rendered":"\u00d4nibus \u00e9 assaltado por dupla armada no bairro S\u00e3o Pedro"},"content":{"rendered":"<p>Um coletivo que faz a linha Nova Germ\u00e2nia foi assaltado na noite desta quinta-feira, 8, no bairro S\u00e3o Pedro, localizado na zona Oeste da cidade.<\/p>\n<p>De acordo com a Pol\u00edcia Militar (PM), o \u00f4nibus encontrava-se parado na Rua Jos\u00e9 Louren\u00e7o Kelmer, quando dois indiv\u00edduos entraram e anunciaram o assalto.<\/p>\n<p>Os autores estavam armados com rev\u00f3lveres e amea\u00e7aram o cobrador, de 24 anos, exigindo que dinheiro.<\/p>\n<p>Os assaltantes levaram a quantia de R$ 210 e ap\u00f3s o crime fugiram em dire\u00e7\u00e3o ao interior do bairro S\u00e3o Pedro.<\/p>\n<p>A PM foi acionada e realizou rastreamentos pela regi\u00e3o, entretanto os autores n\u00e3o foram encontrados.<\/p>\n","protected":false},"excerpt":{"rendered":"<p>Um coletivo que faz a linha Nova Germ\u00e2nia foi assaltado na noite desta quinta-feira, 8, no bairro S\u00e3o Pedro, localizado na zona Oeste da cidade. De acordo com a Pol\u00edcia Militar (PM), o \u00f4nibus encontrava-se parado na Rua Jos\u00e9 Louren\u00e7o Kelmer, quando dois indiv\u00edduos entraram e anunciaram o assalto. Os autores estavam armados com rev\u00f3lveres [&hellip;]<\/p>\n","protected":false},"author":96,"featured_media":91611,"comment_status":"closed","ping_status":"closed","sticky":false,"template":"","format":"standard","meta":{"footnotes":""},"categories":[301],"tags":[],"class_list":["post-91612","post","type-post","status-publish","format-standard","has-post-thumbnail","hentry","category-artigos-policiais"],"_links":{"self":[{"href":"https:\/\/diarioregionaldigital.com.br\/index.php?rest_route=\/wp\/v2\/posts\/91612","targetHints":{"allow":["GET"]}}],"collection":[{"href":"https:\/\/diarioregionaldigital.com.br\/index.php?rest_route=\/wp\/v2\/posts"}],"about":[{"href":"https:\/\/diarioregionaldigital.com.br\/index.php?rest_route=\/wp\/v2\/types\/post"}],"author":[{"embeddable":true,"href":"https:\/\/diarioregionaldigital.com.br\/index.php?rest_route=\/wp\/v2\/users\/96"}],"replies":[{"embeddable":true,"href":"https:\/\/diarioregionaldigital.com.br\/index.php?rest_route=%2Fwp%2Fv2%2Fcomments&post=91612"}],"version-history":[{"count":0,"href":"https:\/\/diarioregionaldigital.com.br\/index.php?rest_route=\/wp\/v2\/posts\/91612\/revisions"}],"wp:featuredmedia":[{"embeddable":true,"href":"https:\/\/diarioregionaldigital.com.br\/index.php?rest_route=\/wp\/v2\/media\/91611"}],"wp:attachment":[{"href":"https:\/\/diarioregionaldigital.com.br\/index.php?rest_route=%2Fwp%2Fv2%2Fmedia&parent=91612"}],"wp:term":[{"taxonomy":"category","embeddable":true,"href":"https:\/\/diarioregionaldigital.com.br\/index.php?rest_route=%2Fwp%2Fv2%2Fcategories&post=91612"},{"taxonomy":"post_tag","embeddable":true,"href":"https:\/\/diarioregionaldigital.com.br\/index.php?rest_route=%2Fwp%2Fv2%2Ftags&post=91612"}],"curies":[{"name":"wp","href":"https:\/\/api.w.org\/{rel}","templated":true}]}}