{"id":91610,"date":"2018-02-09T01:26:28","date_gmt":"2018-02-09T03:26:28","guid":{"rendered":"http:\/\/diarioregionaljf.com.br\/2018\/02\/09\/selecao-feminina-encerra-etapa-de-treinamentos-de-olho-na-copa-america\/"},"modified":"2018-02-09T01:26:28","modified_gmt":"2018-02-09T03:26:28","slug":"selecao-feminina-encerra-etapa-de-treinamentos-de-olho-na-copa-america","status":"publish","type":"post","link":"https:\/\/diarioregionaldigital.com.br\/?p=91610","title":{"rendered":"Sele\u00e7\u00e3o Feminina encerra etapa de treinamentos de olho na Copa Am\u00e9rica"},"content":{"rendered":"<p>A Sele\u00e7\u00e3o Feminina do Brasil encerrar\u00e1, na Granja Comary, a primeira etapa de prepara\u00e7\u00e3o de olho na Copa Am\u00e9rica de 2018. Em treinamento sob o comando do t\u00e9cnico Vad\u00e3o, desde o in\u00edcio de janeiro, a equipe visa a disputa do torneio, que ser\u00e1 realizado entre 4 e 22, no Chile.<\/p>\n<p>A pr\u00e9-temporada das atletas come\u00e7ou com trabalhos leves, buscando a recupera\u00e7\u00e3o ap\u00f3s as f\u00e9rias. Os treinamentos realizados foram, em sua maioria, de for\u00e7a, pot\u00eancia e de preven\u00e7\u00e3o de les\u00e3o.<\/p>\n<p>A maior parte do grupo que esteve no Rio de Janeiro s\u00e3o de jogadoras que atuam no futebol brasileiro. Aquelas que atuam no exterior estiveram na Granja durante o per\u00edodo de data FIFA.<\/p>\n<p>As jogadoras voltar\u00e3o \u00e0 Granja Comary no pr\u00f3ximo dia 16, sexta-feira, para a segunda parte do trabalho de prepara\u00e7\u00e3o. Durante as atividades, entre 26 de fevereiro e 7 de mar\u00e7o, as \u2018estrangeiras\u2019 estar\u00e3o de novo com o grupo.<\/p>\n<p>\u201cTeremos mais uma data FIFA neste m\u00eas, e as meninas que est\u00e3o jogando fora do Brasil ir\u00e3o se apresentar para uma semana de treinamento. Depois disso, s\u00f3 teremos a equipe completa para a Copa Am\u00e9rica, que tamb\u00e9m \u00e9 data FIFA\u201d, comentou o t\u00e9cnico Vad\u00e3o.<\/p>\n<p>\u201cPara a gente, todas as datas FIFA s\u00e3o um momento sagrado, porque conseguimos contar com tudo mundo aqui. Temos que aproveitar o m\u00e1ximo poss\u00edvel, aproveitar todos os treinos, porque sabemos que \u00e9 um momento muito importante\u201d, avaliou a volante Andressinha.<\/p>\n<p>Em sete edi\u00e7\u00f5es da Copa Am\u00e9rica Feminina, que tamb\u00e9m \u00e9 chamada de Campeonato Sul-Americano Feminino, a Sele\u00e7\u00e3o Brasileira conquistou seis t\u00edtulos. A \u00fanica rival capaz de interromper a sequ\u00eancia foi a Argentina, em 2006, disputando o torneio em casa.<\/p>\n<p>\u201cEstamos com as melhores expectativas poss\u00edveis e estamos fazendo uma prepara\u00e7\u00e3o para, realmente, trazer o ouro para o Brasil\u201d, completou Thaisa.<\/p>\n","protected":false},"excerpt":{"rendered":"<p>A Sele\u00e7\u00e3o Feminina do Brasil encerrar\u00e1, na Granja Comary, a primeira etapa de prepara\u00e7\u00e3o de olho na Copa Am\u00e9rica de 2018. Em treinamento sob o comando do t\u00e9cnico Vad\u00e3o, desde o in\u00edcio de janeiro, a equipe visa a disputa do torneio, que ser\u00e1 realizado entre 4 e 22, no Chile. A pr\u00e9-temporada das atletas come\u00e7ou [&hellip;]<\/p>\n","protected":false},"author":96,"featured_media":91609,"comment_status":"closed","ping_status":"closed","sticky":false,"template":"","format":"standard","meta":{"footnotes":""},"categories":[257],"tags":[],"class_list":["post-91610","post","type-post","status-publish","format-standard","has-post-thumbnail","hentry","category-esporte"],"_links":{"self":[{"href":"https:\/\/diarioregionaldigital.com.br\/index.php?rest_route=\/wp\/v2\/posts\/91610","targetHints":{"allow":["GET"]}}],"collection":[{"href":"https:\/\/diarioregionaldigital.com.br\/index.php?rest_route=\/wp\/v2\/posts"}],"about":[{"href":"https:\/\/diarioregionaldigital.com.br\/index.php?rest_route=\/wp\/v2\/types\/post"}],"author":[{"embeddable":true,"href":"https:\/\/diarioregionaldigital.com.br\/index.php?rest_route=\/wp\/v2\/users\/96"}],"replies":[{"embeddable":true,"href":"https:\/\/diarioregionaldigital.com.br\/index.php?rest_route=%2Fwp%2Fv2%2Fcomments&post=91610"}],"version-history":[{"count":0,"href":"https:\/\/diarioregionaldigital.com.br\/index.php?rest_route=\/wp\/v2\/posts\/91610\/revisions"}],"wp:featuredmedia":[{"embeddable":true,"href":"https:\/\/diarioregionaldigital.com.br\/index.php?rest_route=\/wp\/v2\/media\/91609"}],"wp:attachment":[{"href":"https:\/\/diarioregionaldigital.com.br\/index.php?rest_route=%2Fwp%2Fv2%2Fmedia&parent=91610"}],"wp:term":[{"taxonomy":"category","embeddable":true,"href":"https:\/\/diarioregionaldigital.com.br\/index.php?rest_route=%2Fwp%2Fv2%2Fcategories&post=91610"},{"taxonomy":"post_tag","embeddable":true,"href":"https:\/\/diarioregionaldigital.com.br\/index.php?rest_route=%2Fwp%2Fv2%2Ftags&post=91610"}],"curies":[{"name":"wp","href":"https:\/\/api.w.org\/{rel}","templated":true}]}}