{"id":91601,"date":"2018-02-08T23:32:55","date_gmt":"2018-02-09T01:32:55","guid":{"rendered":"http:\/\/diarioregionaljf.com.br\/2018\/02\/08\/curado-do-cancer-meia-ederson-se-reapresenta-ao-flamengo\/"},"modified":"2018-02-08T23:32:55","modified_gmt":"2018-02-09T01:32:55","slug":"curado-do-cancer-meia-ederson-se-reapresenta-ao-flamengo","status":"publish","type":"post","link":"https:\/\/diarioregionaldigital.com.br\/?p=91601","title":{"rendered":"Curado do c\u00e2ncer, meia Ederson se reapresenta ao Flamengo"},"content":{"rendered":"<p>O Flamengo ganhou uma boa not\u00edcia Recuperado de um c\u00e2ncer no test\u00edculo, o meio campista Ederson se reapresentou no centro de treinamento do clube, onde realizou exames m\u00e9dicos e participou de trabalho f\u00edsico-t\u00e9cnico sob comando do preparador Roberto Oliveira.<\/p>\n<p>Durante os exames que foram feitos no jogador, segundo informou o Twitter oficial do time rubro-negro, ele teve uma recupera\u00e7\u00e3o acima da m\u00e9dia. Um planejamento ser\u00e1 montado para que o atleta esteja \u00e0 disposi\u00e7\u00e3o da comiss\u00e3o t\u00e9cnica em breve.<\/p>\n<p>Em julho do ano passado, Ederson revelou ter sido diagnosticado com tumor no test\u00edculo. Na mesma semana, o meio campista foi submetido a procedimento cir\u00fargico por conta do problema. Ele ainda precisou passar por 21 sess\u00f5es de quimioterapia.<\/p>\n<p>Al\u00e9m disso, ele tamb\u00e9m teve que realizar outra cirurgia, mas desta vez para retirada de massa residual e passou por sess\u00f5es de fisioterapia.<\/p>\n<p>O meio campista teve seu contrato renovado com o Flamengo em janeiro deste ano por mais seis meses. \u201cEstendemos o contrato em condi\u00e7\u00f5es distintas do anterior, para ele ter o tempo necess\u00e1rio de recupera\u00e7\u00e3o\u201d, explicou o diretor executivo de futebol Rodrigo Caetano.<\/p>\n","protected":false},"excerpt":{"rendered":"<p>O Flamengo ganhou uma boa not\u00edcia Recuperado de um c\u00e2ncer no test\u00edculo, o meio campista Ederson se reapresentou no centro de treinamento do clube, onde realizou exames m\u00e9dicos e participou de trabalho f\u00edsico-t\u00e9cnico sob comando do preparador Roberto Oliveira. Durante os exames que foram feitos no jogador, segundo informou o Twitter oficial do time rubro-negro, [&hellip;]<\/p>\n","protected":false},"author":96,"featured_media":91600,"comment_status":"closed","ping_status":"closed","sticky":false,"template":"","format":"standard","meta":{"footnotes":""},"categories":[257],"tags":[],"class_list":["post-91601","post","type-post","status-publish","format-standard","has-post-thumbnail","hentry","category-esporte"],"_links":{"self":[{"href":"https:\/\/diarioregionaldigital.com.br\/index.php?rest_route=\/wp\/v2\/posts\/91601","targetHints":{"allow":["GET"]}}],"collection":[{"href":"https:\/\/diarioregionaldigital.com.br\/index.php?rest_route=\/wp\/v2\/posts"}],"about":[{"href":"https:\/\/diarioregionaldigital.com.br\/index.php?rest_route=\/wp\/v2\/types\/post"}],"author":[{"embeddable":true,"href":"https:\/\/diarioregionaldigital.com.br\/index.php?rest_route=\/wp\/v2\/users\/96"}],"replies":[{"embeddable":true,"href":"https:\/\/diarioregionaldigital.com.br\/index.php?rest_route=%2Fwp%2Fv2%2Fcomments&post=91601"}],"version-history":[{"count":0,"href":"https:\/\/diarioregionaldigital.com.br\/index.php?rest_route=\/wp\/v2\/posts\/91601\/revisions"}],"wp:featuredmedia":[{"embeddable":true,"href":"https:\/\/diarioregionaldigital.com.br\/index.php?rest_route=\/wp\/v2\/media\/91600"}],"wp:attachment":[{"href":"https:\/\/diarioregionaldigital.com.br\/index.php?rest_route=%2Fwp%2Fv2%2Fmedia&parent=91601"}],"wp:term":[{"taxonomy":"category","embeddable":true,"href":"https:\/\/diarioregionaldigital.com.br\/index.php?rest_route=%2Fwp%2Fv2%2Fcategories&post=91601"},{"taxonomy":"post_tag","embeddable":true,"href":"https:\/\/diarioregionaldigital.com.br\/index.php?rest_route=%2Fwp%2Fv2%2Ftags&post=91601"}],"curies":[{"name":"wp","href":"https:\/\/api.w.org\/{rel}","templated":true}]}}