{"id":91599,"date":"2018-02-08T23:30:09","date_gmt":"2018-02-09T01:30:09","guid":{"rendered":"http:\/\/diarioregionaljf.com.br\/2018\/02\/08\/alunos-de-escolas-municipais-visitam-academia-do-skate\/"},"modified":"2018-02-08T23:30:09","modified_gmt":"2018-02-09T01:30:09","slug":"alunos-de-escolas-municipais-visitam-academia-do-skate","status":"publish","type":"post","link":"https:\/\/diarioregionaldigital.com.br\/?p=91599","title":{"rendered":"Alunos de escolas municipais visitam \u201cAcademia do Skate\u201d"},"content":{"rendered":"<p>O skate \u00e9 o mais novo esporte a estar presente na Olimp\u00edada de T\u00f3quio em 2020, mas parte de sua pr\u00e1tica ainda \u00e9 desconhecida do grande p\u00fablico. Assim, at\u00e9 16 de mar\u00e7o, os estudantes do sexto ao nono ano do ensino fundamental de 40 escolas municipais ser\u00e3o levados para participar do projeto &#8220;Academia do Skate&#8221;, no Shopping Jardim Norte. Em parceria com a Secretaria de Educa\u00e7\u00e3o (SE) da Prefeitura de Juiz de Fora (PJF), o projeto est\u00e1 disponibilizando 40 \u00f4nibus para levar os estudantes at\u00e9 o shopping. Ser\u00e3o 25 ve\u00edculos distribu\u00eddos por meio de sorteio entre as regi\u00f5es sul, leste, sudeste, nordeste e rural. Os outros 15 foram oferecidos \u00e0 regi\u00e3o norte, foco das a\u00e7\u00f5es do projeto, visto que concentra o p\u00fablico jovem que transita mais vezes no shopping.<\/p>\n<p> O \u201cAcademia do Skate\u201d foi idealizado pela associa\u00e7\u00e3o \u201cNatividade\u201d, de Belo Horizonte, atrav\u00e9s da Lei de Incentivo ao Esporte do Governo de Minas. O presidente da associa\u00e7\u00e3o, Rafael Diniz, acredita que Minas \u00e9 um estado onde o skate n\u00e3o \u00e9 t\u00e3o valorizado, por isso o projeto foi criado, com \u201ca ideia de popularizar e divulgar sua pr\u00e1tica como esporte, j\u00e1 que ele ainda \u00e9 muito marginalizado\u201d.<\/p>\n<p> \u201cO projeto rodou a regi\u00e3o metropolitana de Belo Horizonte e, depois de tr\u00eas meses, veio para o interior, sendo Juiz de Fora a primeira cidade a receb\u00ea-lo\u201d, informou Diniz. Ele explicou que \u201co skate n\u00e3o \u00e9 um dos esportes mais acess\u00edveis. N\u00e3o \u00e9 \u00b4qualquer pessoa\u00b4 que pode dar para seu filho um skate, e com o projeto o jovem tem a oportunidade de experimentar.\u201d<\/p>\n<p> O &#8220;Academia do Skate&#8221; visa dar oportunidade aos jovens de terem o primeiro contato com o esporte, por meio de palestras gratuitas e aulas supervisionadas, para promover a pr\u00e1tica. Na quarta-feira, 7, o \u201cAcademia do Skate\u201d recebeu um dos primeiros grupos, quando 41 estudantes da Escola Municipal \u201c\u00c1lvaro Lins\u201d puderam conhecer a pista e se familiarizar com o esporte.<\/p>\n<p> O professor de portugu\u00eas e m\u00fasica da escola, Alex Fabiany Paes, disse que j\u00e1 percebeu que \u201calguns alunos andam de skate pelo bairro. Eles gostam, e sair do bairro \u00e9 uma oportunidade. Na escola t\u00eam projetos de esporte, dan\u00e7a e teatro, que trabalham o corpo. Praticar skate ajuda os que s\u00e3o mais inibidos a participarem dos projetos\u201d, explicou.<\/p>\n<p> O skatista hexacampe\u00e3o mundial e padrinho do \u201cAcademia do Skate\u201d, Sandro Dias, o \u201cMineirinho\u201d, estar\u00e1 em Juiz de Fora no dia 22, para um bate-papo com os participantes. Em 3 e 4 de mar\u00e7o ser\u00e1 organizada competi\u00e7\u00e3o de &#8220;mini ramp&#8221;, modalidade que, segundo Rafael, \u201c\u00e9 mais democr\u00e1tica, pois \u00e9 varia\u00e7\u00e3o entre a \u00b4half-pipe\u00b4 (rampa grande e vertical) e o \u00b4street\u00b4\u201d (obst\u00e1culos de rua)&#8221;, ou seja, trata-se de modalidade que &#8220;permite que a pessoa tenha o primeiro contato com obst\u00e1culos verticais&#8221;. Todos os jovens que passaram pela pista poder\u00e3o participar do campeonato, e a popula\u00e7\u00e3o poder\u00e1 acompanhar a realiza\u00e7\u00e3o do torneio.<\/p>\n<p> Qualquer pessoa pode participar do \u201cAcademia do Skate\u201d: basta procurar a pista no estacionamento do Shopping Jardim Norte, de ter\u00e7a-feira a s\u00e1bado, das 10 \u00e0s 20 horas, e domingo, das 14 \u00e0s 20 horas. O interessado precisa preencher ficha de inscri\u00e7\u00e3o, e poder\u00e1 utilizar a pista, tendo aula com os instrutores.<\/p>\n<p> Para participar n\u00e3o \u00e9 necess\u00e1rio ter skate, pois o programa tem toda a infraestrutura de equipamento para empr\u00e9stimo aos interessados em explorar um pouco mais deste mundo de quatro pequenas rodas. A participa\u00e7\u00e3o no projeto \u00e9 totalmente gratuita.<\/p>\n","protected":false},"excerpt":{"rendered":"<p>O skate \u00e9 o mais novo esporte a estar presente na Olimp\u00edada de T\u00f3quio em 2020, mas parte de sua pr\u00e1tica ainda \u00e9 desconhecida do grande p\u00fablico. Assim, at\u00e9 16 de mar\u00e7o, os estudantes do sexto ao nono ano do ensino fundamental de 40 escolas municipais ser\u00e3o levados para participar do projeto &#8220;Academia do Skate&#8221;, [&hellip;]<\/p>\n","protected":false},"author":96,"featured_media":91598,"comment_status":"closed","ping_status":"closed","sticky":false,"template":"","format":"standard","meta":{"footnotes":""},"categories":[257],"tags":[],"class_list":["post-91599","post","type-post","status-publish","format-standard","has-post-thumbnail","hentry","category-esporte"],"_links":{"self":[{"href":"https:\/\/diarioregionaldigital.com.br\/index.php?rest_route=\/wp\/v2\/posts\/91599","targetHints":{"allow":["GET"]}}],"collection":[{"href":"https:\/\/diarioregionaldigital.com.br\/index.php?rest_route=\/wp\/v2\/posts"}],"about":[{"href":"https:\/\/diarioregionaldigital.com.br\/index.php?rest_route=\/wp\/v2\/types\/post"}],"author":[{"embeddable":true,"href":"https:\/\/diarioregionaldigital.com.br\/index.php?rest_route=\/wp\/v2\/users\/96"}],"replies":[{"embeddable":true,"href":"https:\/\/diarioregionaldigital.com.br\/index.php?rest_route=%2Fwp%2Fv2%2Fcomments&post=91599"}],"version-history":[{"count":0,"href":"https:\/\/diarioregionaldigital.com.br\/index.php?rest_route=\/wp\/v2\/posts\/91599\/revisions"}],"wp:featuredmedia":[{"embeddable":true,"href":"https:\/\/diarioregionaldigital.com.br\/index.php?rest_route=\/wp\/v2\/media\/91598"}],"wp:attachment":[{"href":"https:\/\/diarioregionaldigital.com.br\/index.php?rest_route=%2Fwp%2Fv2%2Fmedia&parent=91599"}],"wp:term":[{"taxonomy":"category","embeddable":true,"href":"https:\/\/diarioregionaldigital.com.br\/index.php?rest_route=%2Fwp%2Fv2%2Fcategories&post=91599"},{"taxonomy":"post_tag","embeddable":true,"href":"https:\/\/diarioregionaldigital.com.br\/index.php?rest_route=%2Fwp%2Fv2%2Ftags&post=91599"}],"curies":[{"name":"wp","href":"https:\/\/api.w.org\/{rel}","templated":true}]}}