{"id":91597,"date":"2018-02-08T23:27:36","date_gmt":"2018-02-09T01:27:36","guid":{"rendered":"http:\/\/diarioregionaljf.com.br\/2018\/02\/08\/programa-jf-esporte-e-cidadania-oferece-atividades-gratuitas\/"},"modified":"2018-02-08T23:27:36","modified_gmt":"2018-02-09T01:27:36","slug":"programa-jf-esporte-e-cidadania-oferece-atividades-gratuitas","status":"publish","type":"post","link":"https:\/\/diarioregionaldigital.com.br\/?p=91597","title":{"rendered":"Programa \u201cJF Esporte e Cidadania\u201d oferece atividades gratuitas"},"content":{"rendered":"<p>&nbsp;<\/p>\n<p>As atividades do programa \u201cJF Esporte e Cidadania\u201d est\u00e3o de volta. S\u00e3o mais de 60 n\u00facleos espalhados pela cidade, que oferecem modalidades como caminhada, aulas de gin\u00e1stica, hidrogin\u00e1stica e futsal, entre outras. O n\u00facleo do \u201cPlaneta \u00c1gua\u201d (Rua Chanceler Oswaldo Aranha, 342, Bairro S\u00e3o Mateus), com nata\u00e7\u00e3o para beb\u00eas, ter\u00e1 o in\u00edcio de suas atividades nesta quinta-feira, 8, a partir das 10 horas. Outros, como o do Monte Castelo (Rua Coronel Quint\u00e3o), j\u00e1 est\u00e3o em funcionamento, \u00e0s quartas e sextas-feiras, a partir das 7 horas. Os interessados devem se dirigir ao n\u00facleo de sua prefer\u00eancia, munidos da carteira de identidade e atestado m\u00e9dico, para realizar gratuitamente suas inscri\u00e7\u00f5es. V\u00e1rias outras atividades ter\u00e3o in\u00edcio em fevereiro. Para conferir endere\u00e7os, hor\u00e1rios e modalidades dispon\u00edveis, ligue para 3690-7853, ou envie e-mail para <a href=\"mailto:jfcidadania@pjf.mg.gov.br.\">jfcidadania@pjf.mg.gov.br.<\/a><\/p>\n<p> O \u201cJF Esporte e Cidadania\u201d \u00e9 realiza\u00e7\u00e3o da Secretaria de Esporte e Lazer (SEL) da Prefeitura de Juiz de Fora (PJF), que tem como finalidade principal levar atividade f\u00edsica e esportiva para a popula\u00e7\u00e3o na faixa et\u00e1ria a partir de cinco anos, de forma gratuita, em todas as regi\u00f5es da cidade.&nbsp;<\/p>\n<p> Ao propor a\u00e7\u00f5es diferenciadas, qualificadas e de acesso a este p\u00fablico, o programa busca promover o desenvolvimento f\u00edsico, o exerc\u00edcio da cidadania e a inclus\u00e3o social, visando melhoria das condi\u00e7\u00f5es f\u00edsicas, emocionais e sociais, para alcan\u00e7ar qualidade de vida e aumento da autoestima.<\/p>\n<p>&nbsp;<\/p>\n","protected":false},"excerpt":{"rendered":"<p>&nbsp; As atividades do programa \u201cJF Esporte e Cidadania\u201d est\u00e3o de volta. S\u00e3o mais de 60 n\u00facleos espalhados pela cidade, que oferecem modalidades como caminhada, aulas de gin\u00e1stica, hidrogin\u00e1stica e futsal, entre outras. O n\u00facleo do \u201cPlaneta \u00c1gua\u201d (Rua Chanceler Oswaldo Aranha, 342, Bairro S\u00e3o Mateus), com nata\u00e7\u00e3o para beb\u00eas, ter\u00e1 o in\u00edcio de suas [&hellip;]<\/p>\n","protected":false},"author":96,"featured_media":91596,"comment_status":"closed","ping_status":"closed","sticky":false,"template":"","format":"standard","meta":{"footnotes":""},"categories":[257],"tags":[],"class_list":["post-91597","post","type-post","status-publish","format-standard","has-post-thumbnail","hentry","category-esporte"],"_links":{"self":[{"href":"https:\/\/diarioregionaldigital.com.br\/index.php?rest_route=\/wp\/v2\/posts\/91597","targetHints":{"allow":["GET"]}}],"collection":[{"href":"https:\/\/diarioregionaldigital.com.br\/index.php?rest_route=\/wp\/v2\/posts"}],"about":[{"href":"https:\/\/diarioregionaldigital.com.br\/index.php?rest_route=\/wp\/v2\/types\/post"}],"author":[{"embeddable":true,"href":"https:\/\/diarioregionaldigital.com.br\/index.php?rest_route=\/wp\/v2\/users\/96"}],"replies":[{"embeddable":true,"href":"https:\/\/diarioregionaldigital.com.br\/index.php?rest_route=%2Fwp%2Fv2%2Fcomments&post=91597"}],"version-history":[{"count":0,"href":"https:\/\/diarioregionaldigital.com.br\/index.php?rest_route=\/wp\/v2\/posts\/91597\/revisions"}],"wp:featuredmedia":[{"embeddable":true,"href":"https:\/\/diarioregionaldigital.com.br\/index.php?rest_route=\/wp\/v2\/media\/91596"}],"wp:attachment":[{"href":"https:\/\/diarioregionaldigital.com.br\/index.php?rest_route=%2Fwp%2Fv2%2Fmedia&parent=91597"}],"wp:term":[{"taxonomy":"category","embeddable":true,"href":"https:\/\/diarioregionaldigital.com.br\/index.php?rest_route=%2Fwp%2Fv2%2Fcategories&post=91597"},{"taxonomy":"post_tag","embeddable":true,"href":"https:\/\/diarioregionaldigital.com.br\/index.php?rest_route=%2Fwp%2Fv2%2Ftags&post=91597"}],"curies":[{"name":"wp","href":"https:\/\/api.w.org\/{rel}","templated":true}]}}