{"id":91587,"date":"2018-02-08T22:08:54","date_gmt":"2018-02-09T00:08:54","guid":{"rendered":"http:\/\/diarioregionaljf.com.br\/2018\/02\/08\/identidade-brasil\/"},"modified":"2018-04-16T08:04:57","modified_gmt":"2018-04-16T11:04:57","slug":"identidade-brasil","status":"publish","type":"post","link":"https:\/\/diarioregionaldigital.com.br\/?p=91587","title":{"rendered":"Identidade Brasil"},"content":{"rendered":"<p>O Canal Futura, da Funda\u00e7\u00e3o Roberto Marinho, existente h\u00e1 mais de 20 anos, \u00e9 conhecido por 46% da nossa popula\u00e7\u00e3o, cumprindo o papel de uma verdadeira Escola sem Paredes. Com a\u00e7\u00f5es de mobiliza\u00e7\u00e3o comunit\u00e1ria, sua programa\u00e7\u00e3o foi licenciada para a veicula\u00e7\u00e3o em emissoras da Europa, \u00c1frica, Estados Unidos, \u00c1sia e Am\u00e9rica do Sul. O Canal tem uma preocupa\u00e7\u00e3o dominante com a forma\u00e7\u00e3o social dos jovens, trabalhando nas \u00e1reas do empreendedorismo, lideran\u00e7as e produ\u00e7\u00e3o audiovisual, dando apoio a projetos em escolas e espa\u00e7os comunit\u00e1rios, al\u00e9m de produ\u00e7\u00e3o de pe\u00e7as que podem ser veiculadas no pr\u00f3prio Canal.<\/p>\n<p>O Canal Futura, que tem como gerente geral Jo\u00e3o Alegria, \u00e9 um projeto de comunica\u00e7\u00e3o \u00fanico no mundo. Criado em 10 de setembro de 1997, caracterizou-se por quatro grandes objetivos nos seus saberes e fazeres: forma\u00e7\u00e3o educacional da popula\u00e7\u00e3o, esp\u00edrito comunit\u00e1rio, pluralismo e \u00e9tica.<\/p>\n<p>O sinal do Futura \u00e9 captado em todo o Brasil atrav\u00e9s de antenas parab\u00f3licas digitais e de canais de operadoras de TV por assinatura, al\u00e9m de canais de suas afiliadas na TV aberta em algumas localidades do pa\u00eds. A programa\u00e7\u00e3o, levada ao ar no canal 87, dispon\u00edvel para 60 milh\u00f5es de brasileiros, cobre todo o territ\u00f3rio do pa\u00eds e ainda tem o refor\u00e7o de uma rede de televis\u00f5es universit\u00e1rias, que enseja programas locais.<\/p>\n<p>O modelo de produ\u00e7\u00e3o adotado pelo Canal \u00e9 de terceiriza\u00e7\u00e3o, contratando produtoras que contribuam criativamente para a realiza\u00e7\u00e3o dos programas. O Futura \u00e9 mantido financeiramente por parceiros mantenedores, tais como CNI, Fiesp, Sistema Firjan, Funda\u00e7\u00e3o Bradesco, Funda\u00e7\u00e3o Ita\u00fa Social, Funda\u00e7\u00e3o Vale, Rede Globo, Sebrae, Turner\/CNN e Grupo Votorantim.<\/p>\n<p>Existe uma preocupa\u00e7\u00e3o central com os cuidados relativos \u00e0 l\u00edngua portuguesa. Sua meta \u00e9 que todas as produ\u00e7\u00f5es exibidas possam ser vistas e utilizadas pelo mais amplo leque de pessoas. A S\u00e9rie Identidade Brasil, que eu tenho a honra de apresentar, em \u00e2mbito nacional, com a chancela do Centro de Integra\u00e7\u00e3o Empresa Escola &#8211; Rio , apoio do Bradesco e realiza\u00e7\u00e3o Aldebaran Escrit\u00f3rio Cultural &#8211; Planejamento, conte\u00fado e m\u00eddia, tem os programas gravados na Academia Brasileira de Letras, com um alto n\u00edvel de entrevistados. Os assuntos que tratamos se referem, basicamente, \u00e0 Educa\u00e7\u00e3o, Cultura, tecnologia e Inova\u00e7\u00e3o, fazendo do programa uma nova refer\u00eancia para professores e alunos das universidades, escolas t\u00e9cnicas e demais institui\u00e7\u00f5es de ensino, al\u00e9m de alunos que ingressam em programas de est\u00e1gio atrav\u00e9s do CIEE-Rio.<\/p>\n<p>Esperamos que a S\u00e9rie Identidade Brasil, com um programa semanal in\u00e9dito, \u00e0s segundas-feiras, 17h30, e quatro repeti\u00e7\u00f5es em diferentes dias e hor\u00e1rios, atrav\u00e9s dos meios multitelas e canais onde o FUTURA est\u00e1 presente, atenda aos objetivos propostos e alcance o \u00eaxito desejado.<\/p>\n<p>&nbsp;<\/p>\n<p><strong>Arnaldo Niskier da Academia Brasileira de Letras, Doutor Honoris Causa da UNIRIO e Presidente do CIEE\/RJ<\/strong><\/p>\n<p><img loading=\"lazy\" decoding=\"async\" class=\" size-full wp-image-91586\" src=\"http:\/\/diarioregionaljf.com.br\/wp-content\/uploads\/2018\/02\/diario-int-24029-1.jpg\" alt=\"arnaldoniskier.jpg\" width=\"151\" height=\"209\" \/><\/p>\n","protected":false},"excerpt":{"rendered":"<p>O Canal Futura, da Funda\u00e7\u00e3o Roberto Marinho, existente h\u00e1 mais de 20 anos, \u00e9 conhecido por 46% da nossa popula\u00e7\u00e3o, cumprindo o papel de uma verdadeira Escola sem Paredes. Com a\u00e7\u00f5es de mobiliza\u00e7\u00e3o comunit\u00e1ria, sua programa\u00e7\u00e3o foi licenciada para a veicula\u00e7\u00e3o em emissoras da Europa, \u00c1frica, Estados Unidos, \u00c1sia e Am\u00e9rica do Sul. O Canal [&hellip;]<\/p>\n","protected":false},"author":96,"featured_media":91585,"comment_status":"closed","ping_status":"closed","sticky":false,"template":"","format":"standard","meta":{"footnotes":""},"categories":[275],"tags":[],"class_list":["post-91587","post","type-post","status-publish","format-standard","has-post-thumbnail","hentry","category-arnaldo-niskier"],"_links":{"self":[{"href":"https:\/\/diarioregionaldigital.com.br\/index.php?rest_route=\/wp\/v2\/posts\/91587","targetHints":{"allow":["GET"]}}],"collection":[{"href":"https:\/\/diarioregionaldigital.com.br\/index.php?rest_route=\/wp\/v2\/posts"}],"about":[{"href":"https:\/\/diarioregionaldigital.com.br\/index.php?rest_route=\/wp\/v2\/types\/post"}],"author":[{"embeddable":true,"href":"https:\/\/diarioregionaldigital.com.br\/index.php?rest_route=\/wp\/v2\/users\/96"}],"replies":[{"embeddable":true,"href":"https:\/\/diarioregionaldigital.com.br\/index.php?rest_route=%2Fwp%2Fv2%2Fcomments&post=91587"}],"version-history":[{"count":0,"href":"https:\/\/diarioregionaldigital.com.br\/index.php?rest_route=\/wp\/v2\/posts\/91587\/revisions"}],"wp:featuredmedia":[{"embeddable":true,"href":"https:\/\/diarioregionaldigital.com.br\/index.php?rest_route=\/wp\/v2\/media\/91585"}],"wp:attachment":[{"href":"https:\/\/diarioregionaldigital.com.br\/index.php?rest_route=%2Fwp%2Fv2%2Fmedia&parent=91587"}],"wp:term":[{"taxonomy":"category","embeddable":true,"href":"https:\/\/diarioregionaldigital.com.br\/index.php?rest_route=%2Fwp%2Fv2%2Fcategories&post=91587"},{"taxonomy":"post_tag","embeddable":true,"href":"https:\/\/diarioregionaldigital.com.br\/index.php?rest_route=%2Fwp%2Fv2%2Ftags&post=91587"}],"curies":[{"name":"wp","href":"https:\/\/api.w.org\/{rel}","templated":true}]}}