{"id":91580,"date":"2018-02-08T22:01:09","date_gmt":"2018-02-09T00:01:09","guid":{"rendered":"http:\/\/diarioregionaljf.com.br\/2018\/02\/08\/policia-rodoviaria-federal-intensifica-fiscalizacao-no-periodo-de-carnaval\/"},"modified":"2018-02-08T22:01:09","modified_gmt":"2018-02-09T00:01:09","slug":"policia-rodoviaria-federal-intensifica-fiscalizacao-no-periodo-de-carnaval","status":"publish","type":"post","link":"https:\/\/diarioregionaldigital.com.br\/?p=91580","title":{"rendered":"Pol\u00edcia Rodovi\u00e1ria Federal intensifica fiscaliza\u00e7\u00e3o no per\u00edodo de Carnaval"},"content":{"rendered":"<p>A partir da meia-noite desta sexta-feira, 9, a Pol\u00edcia Rodovi\u00e1ria Federal (PRF) inicia a Opera\u00e7\u00e3o Carnaval 2018. O foco da a\u00e7\u00e3o, que acontece em todo o pa\u00eds at\u00e9 a pr\u00f3xima quarta-feira, 14, \u00e9 reprimir a pr\u00e1tica de infra\u00e7\u00f5es graves e reduzir os acidentes neste per\u00edodo. A fiscaliza\u00e7\u00e3o ser\u00e1 intensificada em trechos estrat\u00e9gicos da BR-040 e BR-267.<\/p>\n<p>\u201cA PRF vai contar com refor\u00e7o dos policiais de outras regionais para aumentar o efetivo em Minas, maior malha vi\u00e1ria federal. Vamos utilizar as rondas ostensivas e o posicionamento estrat\u00e9gico das equipes em locais de maior movimento, onde s\u00e3o percebidos grandes \u00edndices de infra\u00e7\u00f5es. As equipes v\u00e3o estar equipadas com radares m\u00f3veis e etil\u00f4metros\u201d, diz o chefe substituto do N\u00facleo de Policiamento e Fiscaliza\u00e7\u00e3o da PRF em Juiz de Fora, Fernando Pettersen Salles.<\/p>\n<p>Ser\u00e3o priorizadas a\u00e7\u00f5es preventivas para a redu\u00e7\u00e3o de acidentes relacionados ao excesso de velocidade, \u00e0 alcoolemia ao volante, \u00e0s ultrapassagens indevidas e ao n\u00e3o uso da cadeira para transporte de crian\u00e7as. \u201cDirigir sob o efeito de \u00e1lcool \u00e9 uma das infra\u00e7\u00f5es que se sobressai neste per\u00edodo. As demais s\u00e3o comuns em qualquer feriado. Por isso, nosso foco estar\u00e1 voltado para os condutores embriagados que, no momento em que forem abordados, ser\u00e3o penalizados\u201d, refor\u00e7a Salles, acrescentando que dirigir sob influ\u00eancia de \u00e1lcool \u00e9 uma infra\u00e7\u00e3o grav\u00edssima, que \u00e9 penalizada com suspens\u00e3o do direito de dirigir por doze meses e multa de R$2.934,70. \u201cA multa tamb\u00e9m ser\u00e1 aplicada ao condutor que se negar a fazer o teste no etil\u00f4metro\u201d, complementa.<\/p>\n<p>A orienta\u00e7\u00e3o do policial \u00e9 que as pessoas se planejem antes de pegar a estrada. \u201cVerifique o tra\u00e7ado da viagem para que ela n\u00e3o se torne mais longa que o necess\u00e1rio. Em caso de chuvas, aumente a dist\u00e2ncia de seguran\u00e7a em rela\u00e7\u00e3o ao ve\u00edculo da frente. Caso precise parar, que isso ocorra longe da pista de rolamento. Devido aos casos de congestionamento em regi\u00f5es de pra\u00e7as de ped\u00e1gios ou pela presen\u00e7a de acidentes, \u00e9 recomend\u00e1vel que os condutores levem \u00e1gua e alimentos n\u00e3o perec\u00edveis, pois a viagem pode durar mais que o planejado. A gente considera o fator humano como primordial, a polidez e a dire\u00e7\u00e3o defensiva s\u00e3o fatores que podem contribuir para termos um feriado tranquilo\u201d, lembra Salles.<\/p>\n<p>Carnaval 2017<\/p>\n<p>No carnaval do ano passado, a Pol\u00edcia Rodovi\u00e1ria Federal registrou 1.696 acidentes de tr\u00e2nsito nas rodovias federais, dos quais 323 foram considerados graves. Houve 140 mortes. Foram fiscalizadas 222.801 pessoas em 205.137 ve\u00edculos. Os 98.920 testes por etil\u00f4metro resultaram em 2.019 pessoas multadas e 214 presas.<\/p>\n<p>A PRF flagrou 108.267 motoristas trafegando acima da velocidade m\u00e1xima, fez quase 12 mil registros de ultrapassagens indevidas e constatou que quase seis mil viajavam sem o cinto de seguran\u00e7a. Oitocentas pessoas foram presas por diversos crimes e a PRF tirou de circula\u00e7\u00e3o 1,5 tonelada de maconha e quase 50 quilos de coca\u00edna.<\/p>\n<p>Dicas sobre boas condutas para uma viagem segura<\/p>\n<p>\u2022Planeje sua viagem e fa\u00e7a a revis\u00e3o de seu ve\u00edculo.<\/p>\n<p>\u2022\u00c9 obrigat\u00f3rio, em rodovias, o uso dos far\u00f3is baixos acesos, mesmo durante o dia.<\/p>\n<p>\u2022Em caso chuva, diminua a velocidade e aumente a dist\u00e2ncia em rela\u00e7\u00e3o ao ve\u00edculo que segue a sua frente.<\/p>\n<p>\u2022 Evite estacionar no acostamento. Caso tenha que parar, procure um local seguro afastado da pista de rolamento.<\/p>\n<p>\u2022 Respeite os limites de velocidade estabelecidos para a via e obede\u00e7a \u00e0s placas de sinaliza\u00e7\u00e3o.<\/p>\n<p>\u2022 O condutor e todos os passageiros do ve\u00edculo devem utilizar o cinto de seguran\u00e7a. Crian\u00e7as menores de sete anos e meio de idade, devem estar utilizando o equipamento obrigat\u00f3rio compat\u00edvel (beb\u00ea conforto, cadeirinha e\/ou assento de eleva\u00e7\u00e3o).<\/p>\n<p>\u2022 Cuidado com os pedestres, principalmente em per\u00edmetros urbanos cortados por rodovias.<\/p>\n<p>\u2022 \u00c9 importante tamb\u00e9m sempre levar \u00e1gua, frutas e alimentos n\u00e3o perec\u00edveis no interior do ve\u00edculo.<\/p>\n<p>\u2022 Todos os ocupantes do ve\u00edculo devem portar documento de identifica\u00e7\u00e3o.<\/p>\n<p>\u2022 Ocupantes de motocicletas devem sempre usar o capacete.<\/p>\n","protected":false},"excerpt":{"rendered":"<p>A partir da meia-noite desta sexta-feira, 9, a Pol\u00edcia Rodovi\u00e1ria Federal (PRF) inicia a Opera\u00e7\u00e3o Carnaval 2018. O foco da a\u00e7\u00e3o, que acontece em todo o pa\u00eds at\u00e9 a pr\u00f3xima quarta-feira, 14, \u00e9 reprimir a pr\u00e1tica de infra\u00e7\u00f5es graves e reduzir os acidentes neste per\u00edodo. A fiscaliza\u00e7\u00e3o ser\u00e1 intensificada em trechos estrat\u00e9gicos da BR-040 e [&hellip;]<\/p>\n","protected":false},"author":96,"featured_media":0,"comment_status":"closed","ping_status":"closed","sticky":false,"template":"","format":"standard","meta":{"footnotes":""},"categories":[253],"tags":[],"class_list":["post-91580","post","type-post","status-publish","format-standard","hentry","category-cidade"],"_links":{"self":[{"href":"https:\/\/diarioregionaldigital.com.br\/index.php?rest_route=\/wp\/v2\/posts\/91580","targetHints":{"allow":["GET"]}}],"collection":[{"href":"https:\/\/diarioregionaldigital.com.br\/index.php?rest_route=\/wp\/v2\/posts"}],"about":[{"href":"https:\/\/diarioregionaldigital.com.br\/index.php?rest_route=\/wp\/v2\/types\/post"}],"author":[{"embeddable":true,"href":"https:\/\/diarioregionaldigital.com.br\/index.php?rest_route=\/wp\/v2\/users\/96"}],"replies":[{"embeddable":true,"href":"https:\/\/diarioregionaldigital.com.br\/index.php?rest_route=%2Fwp%2Fv2%2Fcomments&post=91580"}],"version-history":[{"count":0,"href":"https:\/\/diarioregionaldigital.com.br\/index.php?rest_route=\/wp\/v2\/posts\/91580\/revisions"}],"wp:attachment":[{"href":"https:\/\/diarioregionaldigital.com.br\/index.php?rest_route=%2Fwp%2Fv2%2Fmedia&parent=91580"}],"wp:term":[{"taxonomy":"category","embeddable":true,"href":"https:\/\/diarioregionaldigital.com.br\/index.php?rest_route=%2Fwp%2Fv2%2Fcategories&post=91580"},{"taxonomy":"post_tag","embeddable":true,"href":"https:\/\/diarioregionaldigital.com.br\/index.php?rest_route=%2Fwp%2Fv2%2Ftags&post=91580"}],"curies":[{"name":"wp","href":"https:\/\/api.w.org\/{rel}","templated":true}]}}