{"id":91579,"date":"2018-02-08T22:00:31","date_gmt":"2018-02-09T00:00:31","guid":{"rendered":"http:\/\/diarioregionaljf.com.br\/2018\/02\/08\/descoberto-09-02-18\/"},"modified":"2018-08-13T20:36:21","modified_gmt":"2018-08-13T23:36:21","slug":"descoberto-09-02-18","status":"publish","type":"post","link":"https:\/\/diarioregionaldigital.com.br\/?p=91579","title":{"rendered":"Descoberto 09\/02\/18"},"content":{"rendered":"<p><span class=\"h4\">PREFEITURA MUNICIPAL DE DESCOBERTO<\/span><br \/><span class=\"h4\">AVISO DE CHAMADA P\u00daBLICA<\/span><br \/><span class=\"h4\">Licita\u00e7\u00e3o n\u00b0 006\/2018<\/span><br \/><span class=\"h4\">Dispensa 001\/2018<\/span><br \/><span class=\"h4\">Chamada P\u00fablica de n\u00b0 001\/2018<\/span><br \/>O Munic\u00edpio de DESCOBERTO\/MG, torna p\u00fablico aos interessados, a Chamada P\u00fablica N\u00b0 001\/2018, para aquisi\u00e7\u00e3o de g\u00eaneros aliment\u00edcios da Agricultura Familiar e do Empreendedor Familiar Rural, destinado ao atendimento ao Programa Nacional de Alimenta\u00e7\u00e3o Escolar, em atendimento a Lei n\u00ba. 11.947\/2009, Resolu\u00e7\u00e3o FNDE\/CD n\u00ba 26\/2013 e Resolu\u00e7\u00e3o FNDE\/CD n\u00ba 04\/2015. O recebimento da documenta\u00e7\u00e3o e do projeto de venda ocorrer\u00e1 no at\u00e9 o dia 28\/02\/2018, \u00e0s 16h, no Setor de Licita\u00e7\u00f5es da Prefeitura Municipal DESCOBERTO\/MG. O edital com os dados completos encontra-se dispon\u00edvel gratuitamente aos interessados na sede da Prefeitura Municipal de DESCOBERTO\/MG, sito a Rua Capit\u00e3o Bas\u00edlio, n\u00b0 39, Centro ou pelo site www.descoberto.mg.gov.br . Para conhecimento de todos os interessados, expediu-se o presente que ser\u00e1 afixado no lugar de costume, publicando-se na forma da lei. DESCOBERTO, 02 de fevereiro de 2018.<\/p>\n","protected":false},"excerpt":{"rendered":"<p>PREFEITURA MUNICIPAL DE DESCOBERTOAVISO DE CHAMADA P\u00daBLICALicita\u00e7\u00e3o n\u00b0 006\/2018Dispensa 001\/2018Chamada P\u00fablica de n\u00b0 001\/2018O Munic\u00edpio de DESCOBERTO\/MG, torna p\u00fablico aos interessados, a Chamada P\u00fablica N\u00b0 001\/2018, para aquisi\u00e7\u00e3o de g\u00eaneros aliment\u00edcios da Agricultura Familiar e do Empreendedor Familiar Rural, destinado ao atendimento ao Programa Nacional de Alimenta\u00e7\u00e3o Escolar, em atendimento a Lei n\u00ba. 11.947\/2009, Resolu\u00e7\u00e3o [&hellip;]<\/p>\n","protected":false},"author":96,"featured_media":0,"comment_status":"closed","ping_status":"closed","sticky":false,"template":"","format":"standard","meta":{"footnotes":""},"categories":[307],"tags":[],"class_list":["post-91579","post","type-post","status-publish","format-standard","hentry","category-editais"],"_links":{"self":[{"href":"https:\/\/diarioregionaldigital.com.br\/index.php?rest_route=\/wp\/v2\/posts\/91579","targetHints":{"allow":["GET"]}}],"collection":[{"href":"https:\/\/diarioregionaldigital.com.br\/index.php?rest_route=\/wp\/v2\/posts"}],"about":[{"href":"https:\/\/diarioregionaldigital.com.br\/index.php?rest_route=\/wp\/v2\/types\/post"}],"author":[{"embeddable":true,"href":"https:\/\/diarioregionaldigital.com.br\/index.php?rest_route=\/wp\/v2\/users\/96"}],"replies":[{"embeddable":true,"href":"https:\/\/diarioregionaldigital.com.br\/index.php?rest_route=%2Fwp%2Fv2%2Fcomments&post=91579"}],"version-history":[{"count":0,"href":"https:\/\/diarioregionaldigital.com.br\/index.php?rest_route=\/wp\/v2\/posts\/91579\/revisions"}],"wp:attachment":[{"href":"https:\/\/diarioregionaldigital.com.br\/index.php?rest_route=%2Fwp%2Fv2%2Fmedia&parent=91579"}],"wp:term":[{"taxonomy":"category","embeddable":true,"href":"https:\/\/diarioregionaldigital.com.br\/index.php?rest_route=%2Fwp%2Fv2%2Fcategories&post=91579"},{"taxonomy":"post_tag","embeddable":true,"href":"https:\/\/diarioregionaldigital.com.br\/index.php?rest_route=%2Fwp%2Fv2%2Ftags&post=91579"}],"curies":[{"name":"wp","href":"https:\/\/api.w.org\/{rel}","templated":true}]}}