{"id":91574,"date":"2018-02-08T21:04:30","date_gmt":"2018-02-08T23:04:30","guid":{"rendered":"http:\/\/diarioregionaljf.com.br\/2018\/02\/08\/pm-realiza-nova-fase-da-operacao-regiao-segura\/"},"modified":"2018-02-08T21:04:30","modified_gmt":"2018-02-08T23:04:30","slug":"pm-realiza-nova-fase-da-operacao-regiao-segura","status":"publish","type":"post","link":"https:\/\/diarioregionaldigital.com.br\/?p=91574","title":{"rendered":"PM realiza nova fase da opera\u00e7\u00e3o Regi\u00e3o Segura"},"content":{"rendered":"<p>A 4\u00aa Regi\u00e3o da Pol\u00edcia Militar (4\u00aa RPM) realiza nessa quinta-feira, 8, nova fase da opera\u00e7\u00e3o Regi\u00e3o Segura. A a\u00e7\u00e3o ocorre nas 86 cidades, al\u00e9m de Juiz de Fora, atendidas pela corpora\u00e7\u00e3o.<\/p>\n<p>A opera\u00e7\u00e3o visa combater a criminalidade violenta e aumentar a sensa\u00e7\u00e3o de seguran\u00e7a nos munic\u00edpios. Em Juiz de Fora, a a\u00e7\u00e3o iniciou no Parque Halfeld por volta das 15h dessa quinta-feira e as viaturas e todo o efetivo seguiram para os principais pontos estrat\u00e9gicos da cidade onde a opera\u00e7\u00e3o ser\u00e1 desenvolvida.<\/p>\n<p>Os militares tamb\u00e9m v\u00e3o cumprir mandados de busca e apreens\u00e3o. A opera\u00e7\u00e3o est\u00e1 prevista para ser conclu\u00edda \u00e0s 22h de hoje.<\/p>\n","protected":false},"excerpt":{"rendered":"<p>A 4\u00aa Regi\u00e3o da Pol\u00edcia Militar (4\u00aa RPM) realiza nessa quinta-feira, 8, nova fase da opera\u00e7\u00e3o Regi\u00e3o Segura. A a\u00e7\u00e3o ocorre nas 86 cidades, al\u00e9m de Juiz de Fora, atendidas pela corpora\u00e7\u00e3o. A opera\u00e7\u00e3o visa combater a criminalidade violenta e aumentar a sensa\u00e7\u00e3o de seguran\u00e7a nos munic\u00edpios. Em Juiz de Fora, a a\u00e7\u00e3o iniciou no [&hellip;]<\/p>\n","protected":false},"author":96,"featured_media":91573,"comment_status":"closed","ping_status":"closed","sticky":false,"template":"","format":"standard","meta":{"footnotes":""},"categories":[253],"tags":[],"class_list":["post-91574","post","type-post","status-publish","format-standard","has-post-thumbnail","hentry","category-cidade"],"_links":{"self":[{"href":"https:\/\/diarioregionaldigital.com.br\/index.php?rest_route=\/wp\/v2\/posts\/91574","targetHints":{"allow":["GET"]}}],"collection":[{"href":"https:\/\/diarioregionaldigital.com.br\/index.php?rest_route=\/wp\/v2\/posts"}],"about":[{"href":"https:\/\/diarioregionaldigital.com.br\/index.php?rest_route=\/wp\/v2\/types\/post"}],"author":[{"embeddable":true,"href":"https:\/\/diarioregionaldigital.com.br\/index.php?rest_route=\/wp\/v2\/users\/96"}],"replies":[{"embeddable":true,"href":"https:\/\/diarioregionaldigital.com.br\/index.php?rest_route=%2Fwp%2Fv2%2Fcomments&post=91574"}],"version-history":[{"count":0,"href":"https:\/\/diarioregionaldigital.com.br\/index.php?rest_route=\/wp\/v2\/posts\/91574\/revisions"}],"wp:featuredmedia":[{"embeddable":true,"href":"https:\/\/diarioregionaldigital.com.br\/index.php?rest_route=\/wp\/v2\/media\/91573"}],"wp:attachment":[{"href":"https:\/\/diarioregionaldigital.com.br\/index.php?rest_route=%2Fwp%2Fv2%2Fmedia&parent=91574"}],"wp:term":[{"taxonomy":"category","embeddable":true,"href":"https:\/\/diarioregionaldigital.com.br\/index.php?rest_route=%2Fwp%2Fv2%2Fcategories&post=91574"},{"taxonomy":"post_tag","embeddable":true,"href":"https:\/\/diarioregionaldigital.com.br\/index.php?rest_route=%2Fwp%2Fv2%2Ftags&post=91574"}],"curies":[{"name":"wp","href":"https:\/\/api.w.org\/{rel}","templated":true}]}}