{"id":91570,"date":"2018-02-08T20:21:32","date_gmt":"2018-02-08T22:21:32","guid":{"rendered":"http:\/\/diarioregionaljf.com.br\/2018\/02\/08\/transito-em-ruas-centrais-sera-alterado-para-o-desfile-da-banda-daki-2\/"},"modified":"2018-02-08T20:21:32","modified_gmt":"2018-02-08T22:21:32","slug":"transito-em-ruas-centrais-sera-alterado-para-o-desfile-da-banda-daki-2","status":"publish","type":"post","link":"https:\/\/diarioregionaldigital.com.br\/?p=91570","title":{"rendered":"Tr\u00e2nsito nas ruas do centro da cidade ser\u00e1 alterado para o desfile da Banda Daki"},"content":{"rendered":"<p>Para a realiza\u00e7\u00e3o do tradicional desfile da Banda Daki, que acontecer\u00e1 no s\u00e1bado, 10, a Secretaria de Transporte e Tr\u00e2nsito (Settra) da Prefeitura de Juiz de Fora (PJF) promover\u00e1 altera\u00e7\u00f5es no tr\u00e1fego de ve\u00edculos, mudan\u00e7a de itiner\u00e1rio do transporte coletivo e proibi\u00e7\u00e3o de estacionamento, para garantir a seguran\u00e7a dos foli\u00f5es e a fluidez do tr\u00e2nsito na regi\u00e3o.<\/p>\n<p>A concentra\u00e7\u00e3o ser\u00e1 a partir das 9h30, no Largo de S\u00e3o Roque (Avenida dos Andradas, em frente \u00e0 Faculdade \u201cVianna J\u00fanior\u201d). \u00c0s 12h30 acontecer\u00e1 a entrega da chave da cidade ao Rei Momo e \u00e0 Rainha do Carnaval, decretando o in\u00edcio do desfile, que seguir\u00e1 pela Avenida Bar\u00e3o do Rio Branco (pista central), at\u00e9 a Catedral, na Rua Esp\u00edrito Santo. O encerramento est\u00e1 previsto para as 16 horas.<\/p>\n<p>A partir de 5 horas de s\u00e1bado haver\u00e1 invers\u00e3o de m\u00e3o de dire\u00e7\u00e3o na Rua Rei Alberto, entre a Avenida Bar\u00e3o do Rio Branco e Rua Santo Ant\u00f4nio. No mesmo hor\u00e1rio haver\u00e1 proibi\u00e7\u00e3o de estacionamento nas ruas Jarbas de Lery Santos, Roberto de Barros e Avenida dos Andradas, entre as ruas Silva Jardim e Benjamin Constant.<\/p>\n<p>Entre 6 e 16 horas, as seguintes vias ser\u00e3o interditadas: Avenida dos Andradas, entre as ruas Silva Jardim e Benjamin Constant; Rua Paula Lima, entre as avenidas Bar\u00e3o do Rio Branco e dos Andradas; Rua Santo Ant\u00f4nio, entre Rua Bar\u00e3o de Cataguases e Rua Paula Lima. A partir das 12 horas, outras vias ser\u00e3o interditadas: Avenida Bar\u00e3o do Rio Branco (pista central), entre a Rua Bar\u00e3o de Cataguases e Avenida Doutor Jos\u00e9 Proc\u00f3pio Teixeira; Rua Silva Jardim, entre as avenidas Bar\u00e3o do Rio Branco e dos Andradas; Avenida Bar\u00e3o do Rio Branco (pista lateral no sentido Bairro Manoel Hon\u00f3rio\/Bom Pastor), entre as ruas Bar\u00e3o de Cataguases e Esp\u00edrito Santo; Av enida Bar\u00e3o do Rio Branco (pista lateral, no sentido Bom Pastor\/Manoel Hon\u00f3rio), entre as ruas Esp\u00edrito Santo e Silva Jardim.<\/p>\n<p>Das 13 horas em diante: Rua Santa Rita, entre a Rua Batista de Oliveira e a Avenida Bar\u00e3o do Rio Branco; Rua Floriano Peixoto, entre Rua Santo Ant\u00f4nio e Avenida Get\u00falio Vargas; Rua Esp\u00edrito Santo, entre Rua Santo Ant\u00f4nio e Avenida Bar\u00e3o do Rio Branco; Rua Benjamin Constant, entre Rua Jarbas de Lery Santos e Avenida Bar\u00e3o do Rio Branco; Avenida Get\u00falio Vargas, entre Avenida Bar\u00e3o do Rio Branco e Rua Jarbas de Lery Santos; Rua Braz Bernardino.<\/p>\n<h4>Tr\u00e1fego nas ruas centrais, entre 12 e 16 horas<\/h4>\n<p>Os ve\u00edculos provenientes da Avenida dos Andradas, que se destinam ao Centro e\/ou Bairro Bom Pastor, dever\u00e3o seguir pelas ruas Silva Jardim, Roberto de Barros, Jarbas de Lery, avenidas Get\u00falio Vargas, Presidente Itamar Franco, ruas Santo Ant\u00f4nio, Rei Alberto, Avenida Bar\u00e3o do Rio Branco.<\/p>\n<p>Os autom\u00f3veis procedentes da Avenida Bar\u00e3o do Rio Branco (pista lateral, sentido Bairro Manoel Hon\u00f3rio\/Bom Pastor) que se destinam ao Centro e\/ou Bairro Bom Pastor, dever\u00e3o seguir na Rua Bar\u00e3o de Cataguases, Avenida dos Andradas, ruas Silva Jardi m, Roberto de Barros, Jarbas de Lery Santos, avenidas Get\u00falio Vargas, Presidente Itamar Franco.<\/p>\n<p>J\u00e1 os carros oriundos da Avenida Bar\u00e3o do Rio Branco (pista lateral, sentido Bairro Manoel Hon\u00f3rio\/Centro) em dire\u00e7\u00e3o a S\u00e3o Pedro e Cascatinha, dever\u00e3o acessar a Rua Bar\u00e3o de Cataguases. Os ve\u00edculos provenientes da Avenida dos Andradas, em dire\u00e7\u00e3o ao Manoel Hon\u00f3rio, dever\u00e3o seguir na Rua Silva Jardim, Avenida Bar\u00e3o do Rio Branco (pista lateral, sentido Centro\/ Manoel Hon\u00f3rio).<\/p>\n<p>Os carros que circulam pela Avenida Bar\u00e3o do Rio Branco, no Bairro Bom Pastor, em dire\u00e7\u00e3o ao Manoel Hon\u00f3rio, dever\u00e3o seguir na Avenida Bar\u00e3o do Rio Branco (pista lateral), Avenida Presidente Itamar Franco, Travessa Doutor Prisco, avenidas Francisco Bernardino e Bar\u00e3o do Rio Branco.<\/p>\n<p>Ao mesmo tempo, os que est\u00e3o vindo da Avenida Bar\u00e3o do Rio Branco, no Bairro Bom Pastor, em dire\u00e7\u00e3o ao Mariano Proc\u00f3pio, dever\u00e3o seguir nas avenidas Bar\u00e3o do Rio Branco (pista lateral), Presidente Itamar Franco, Travessa Doutor Prisco, Avenida Francisco Bernardino, Rua Bar\u00e3o de Cataguases e Avenida dos Andradas.<\/p>\n<p>Durante o per\u00edodo de desfile na Avenida Bar\u00e3o do Rio Branco, entre a Avenida dos Andradas e Rua Esp\u00edrito Santo, o controle de tr\u00e2nsito ser\u00e1 feito pelos agentes de tr\u00e2nsito e\/ou Pol\u00edcia Militar, de forma din\u00e2mica, interditando e liberando as vias, em fun\u00e7\u00e3o da passagem da banda.<\/p>\n<h4>Servi\u00e7o de t\u00e1xi<\/h4>\n<p>Os t\u00e1xis do ponto do Parque Halfeld entrar\u00e3o e sair\u00e3o pela Rua Marechal Deodoro, n\u00e3o podendo acessar a Avenida Rio Branco. O ponto situado na Rua Floriano Peixoto ficar\u00e1 liberado, com acesso pela Rua Santo Ant\u00f4nio. O ponto de t\u00e1xi situado na Catedral Metropolitana ser\u00e1 transferido para a Rua Fernando Lobo, com acesso pela Rua Santo Ant\u00f4nio.<\/p>\n<p>O estacionamento nas ruas Roberto de Barros e Doutor Jarbas de Lery Santos ser\u00e1 proibido a partir das 22 horas desta sexta-feira, at\u00e9 o t\u00e9rmino do evento. A libera\u00e7\u00e3o da Avenida Bar\u00e3o do Rio Branco est\u00e1 prevista para as 16 horas, podendo evoluir de acordo com a avalia\u00e7\u00e3o do respons\u00e1vel pelo policiamento de tr\u00e2nsito.<\/p>\n<hr \/>\n<p>&nbsp;Fonte: Assessoria\/PJF<\/p>\n","protected":false},"excerpt":{"rendered":"<p>Para a realiza\u00e7\u00e3o do tradicional desfile da Banda Daki, que acontecer\u00e1 no s\u00e1bado, 10, a Secretaria de Transporte e Tr\u00e2nsito (Settra) da Prefeitura de Juiz de Fora (PJF) promover\u00e1 altera\u00e7\u00f5es no tr\u00e1fego de ve\u00edculos, mudan\u00e7a de itiner\u00e1rio do transporte coletivo e proibi\u00e7\u00e3o de estacionamento, para garantir a seguran\u00e7a dos foli\u00f5es e a fluidez do tr\u00e2nsito [&hellip;]<\/p>\n","protected":false},"author":96,"featured_media":91569,"comment_status":"closed","ping_status":"closed","sticky":false,"template":"","format":"standard","meta":{"footnotes":""},"categories":[253],"tags":[],"class_list":["post-91570","post","type-post","status-publish","format-standard","has-post-thumbnail","hentry","category-cidade"],"_links":{"self":[{"href":"https:\/\/diarioregionaldigital.com.br\/index.php?rest_route=\/wp\/v2\/posts\/91570","targetHints":{"allow":["GET"]}}],"collection":[{"href":"https:\/\/diarioregionaldigital.com.br\/index.php?rest_route=\/wp\/v2\/posts"}],"about":[{"href":"https:\/\/diarioregionaldigital.com.br\/index.php?rest_route=\/wp\/v2\/types\/post"}],"author":[{"embeddable":true,"href":"https:\/\/diarioregionaldigital.com.br\/index.php?rest_route=\/wp\/v2\/users\/96"}],"replies":[{"embeddable":true,"href":"https:\/\/diarioregionaldigital.com.br\/index.php?rest_route=%2Fwp%2Fv2%2Fcomments&post=91570"}],"version-history":[{"count":0,"href":"https:\/\/diarioregionaldigital.com.br\/index.php?rest_route=\/wp\/v2\/posts\/91570\/revisions"}],"wp:featuredmedia":[{"embeddable":true,"href":"https:\/\/diarioregionaldigital.com.br\/index.php?rest_route=\/wp\/v2\/media\/91569"}],"wp:attachment":[{"href":"https:\/\/diarioregionaldigital.com.br\/index.php?rest_route=%2Fwp%2Fv2%2Fmedia&parent=91570"}],"wp:term":[{"taxonomy":"category","embeddable":true,"href":"https:\/\/diarioregionaldigital.com.br\/index.php?rest_route=%2Fwp%2Fv2%2Fcategories&post=91570"},{"taxonomy":"post_tag","embeddable":true,"href":"https:\/\/diarioregionaldigital.com.br\/index.php?rest_route=%2Fwp%2Fv2%2Ftags&post=91570"}],"curies":[{"name":"wp","href":"https:\/\/api.w.org\/{rel}","templated":true}]}}