{"id":91568,"date":"2018-02-08T20:16:24","date_gmt":"2018-02-08T22:16:24","guid":{"rendered":"http:\/\/diarioregionaljf.com.br\/2018\/02\/08\/pagamento-a-vista-com-desconto-de-6-pode-ser-feito-ate-dia-20\/"},"modified":"2018-02-08T20:16:24","modified_gmt":"2018-02-08T22:16:24","slug":"pagamento-a-vista-com-desconto-de-6-pode-ser-feito-ate-dia-20","status":"publish","type":"post","link":"https:\/\/diarioregionaldigital.com.br\/?p=91568","title":{"rendered":"Pagamento \u00e0 vista com desconto de 6% pode ser feito at\u00e9 dia 20"},"content":{"rendered":"<p>Termina no dia 20 o prazo para pagamento \u00e0 vista, com desconto de 6%, do Imposto Predial e Territorial Urbano (IPTU) 2018. Os carn\u00eas ser\u00e3o entregues pelos Correios at\u00e9 esta sexta-feira, 9.<\/p>\n<p>Quem n\u00e3o receb\u00ea-lo at\u00e9 esta data poder\u00e1 obter o documento no Espa\u00e7o Cidad\u00e3o JF (Avenida Rio Branco, 2.234 \u2013 Centro, ao lado do Parque Halfeld). Al\u00e9m disso, no site da Prefeitura de Juiz de Fora \u2013 PJF est\u00e1 dispon\u00edvel o Documento de Arrecada\u00e7\u00e3o Municipal (DAM), para pagamento do imposto.<\/p>\n<p>Al\u00e9m do pagamento \u00e0 vista, os contribuintes poder\u00e3o optar por parcelar o d\u00e9bito em dez vezes, com vencimento sempre no dia 10 de cada m\u00eas, a partir de mar\u00e7o. Nesse caso, por\u00e9m, n\u00e3o haver\u00e1 desconto. Quem n\u00e3o tiver o n\u00famero da inscri\u00e7\u00e3o imobili\u00e1ria dever\u00e1 procurar o Departamento de Cadastro Imobili\u00e1rio (Decim) da Secretaria de Atividades Urbanas (SAU), na Avenida Bar\u00e3o do Rio Branco, 1.843 (pr\u00e9dio da Companhia de Saneamento Municipal &#8211; Cesama &#8211; 1\u00ba andar), no Centro, das 8h30 \u00e0s 17h30, munido de documento referente ao im\u00f3vel.<\/p>\n<h4>Multas por atraso<\/h4>\n<p>No caso de atraso de 15 dias no pagamento, a multa ser\u00e1 de 2% sobre o valor total do imposto; de 16 a 30 dias, 4%; de 31 a 45 dias, 8%; acima de 45 dias, 15 %. Para os que estiverem inscritos em D\u00edvida Ativa (DA), a multa \u00e9 de 20%.<\/p>\n<p>O contribuinte que deixar de pagar o imposto at\u00e9 o final do ano ter\u00e1 o d\u00e9bito inscrito em DA no ano seguinte, com multa de mora de 20% e juros de 1% ao m\u00eas, podendo ser cobrado judicialmente (execu\u00e7\u00e3o fiscal) ou extrajudicialmente (protesto em cart\u00f3rio).<\/p>\n<hr \/>\n<p>&nbsp;Fonte: Assessoria\/PJF<\/p>\n","protected":false},"excerpt":{"rendered":"<p>Termina no dia 20 o prazo para pagamento \u00e0 vista, com desconto de 6%, do Imposto Predial e Territorial Urbano (IPTU) 2018. Os carn\u00eas ser\u00e3o entregues pelos Correios at\u00e9 esta sexta-feira, 9. Quem n\u00e3o receb\u00ea-lo at\u00e9 esta data poder\u00e1 obter o documento no Espa\u00e7o Cidad\u00e3o JF (Avenida Rio Branco, 2.234 \u2013 Centro, ao lado do [&hellip;]<\/p>\n","protected":false},"author":96,"featured_media":91567,"comment_status":"closed","ping_status":"closed","sticky":false,"template":"","format":"standard","meta":{"footnotes":""},"categories":[253],"tags":[],"class_list":["post-91568","post","type-post","status-publish","format-standard","has-post-thumbnail","hentry","category-cidade"],"_links":{"self":[{"href":"https:\/\/diarioregionaldigital.com.br\/index.php?rest_route=\/wp\/v2\/posts\/91568","targetHints":{"allow":["GET"]}}],"collection":[{"href":"https:\/\/diarioregionaldigital.com.br\/index.php?rest_route=\/wp\/v2\/posts"}],"about":[{"href":"https:\/\/diarioregionaldigital.com.br\/index.php?rest_route=\/wp\/v2\/types\/post"}],"author":[{"embeddable":true,"href":"https:\/\/diarioregionaldigital.com.br\/index.php?rest_route=\/wp\/v2\/users\/96"}],"replies":[{"embeddable":true,"href":"https:\/\/diarioregionaldigital.com.br\/index.php?rest_route=%2Fwp%2Fv2%2Fcomments&post=91568"}],"version-history":[{"count":0,"href":"https:\/\/diarioregionaldigital.com.br\/index.php?rest_route=\/wp\/v2\/posts\/91568\/revisions"}],"wp:featuredmedia":[{"embeddable":true,"href":"https:\/\/diarioregionaldigital.com.br\/index.php?rest_route=\/wp\/v2\/media\/91567"}],"wp:attachment":[{"href":"https:\/\/diarioregionaldigital.com.br\/index.php?rest_route=%2Fwp%2Fv2%2Fmedia&parent=91568"}],"wp:term":[{"taxonomy":"category","embeddable":true,"href":"https:\/\/diarioregionaldigital.com.br\/index.php?rest_route=%2Fwp%2Fv2%2Fcategories&post=91568"},{"taxonomy":"post_tag","embeddable":true,"href":"https:\/\/diarioregionaldigital.com.br\/index.php?rest_route=%2Fwp%2Fv2%2Ftags&post=91568"}],"curies":[{"name":"wp","href":"https:\/\/api.w.org\/{rel}","templated":true}]}}