{"id":91566,"date":"2018-02-08T20:08:01","date_gmt":"2018-02-08T22:08:01","guid":{"rendered":"http:\/\/diarioregionaljf.com.br\/2018\/02\/08\/carnaval-na-bahia\/"},"modified":"2018-02-08T20:08:01","modified_gmt":"2018-02-08T22:08:01","slug":"carnaval-na-bahia","status":"publish","type":"post","link":"https:\/\/diarioregionaldigital.com.br\/?p=91566","title":{"rendered":"Carnaval na Bahia"},"content":{"rendered":"<p style=\"text-align: center;\"><span class=\"h4\">Carnaval na Bahia<\/span><br \/>Olha s\u00f3: ACM Neto comprou uma briga com a produtora Paula Lavigne. \u00c9 que a Prefeitura de Salvador deve R$ 50 milh\u00f5es de direitos autorais por carnavais passados. O Ecad chegou a fazer um contraproposta de R$ 8 milh\u00f5es e &#8230; nada. Agora, os artistas liderado por Paula, resolveram n\u00e3o ceder suas m\u00fasicas para a Casa do Carnaval, que ACM Neto inaugura hoje.<\/p>\n<p style=\"text-align: center;\"><span class=\"h4\">Presta Aten\u00e7\u00e3o<\/span><br \/>Os militares, como se sabe, ficaram de fora da Reforma da Previd\u00eancia a ser votada pelo Congresso. Mas, se a reforma for aprovada, o ministro Raul Jungmann garante que o governo mandar\u00e1 para o Congresso em forma de projeto de lei, a mudan\u00e7a do sistema previdenci\u00e1rio dos militares.<\/p>\n<p style=\"text-align: center;\"><span class=\"h4\">Comunicado<\/span><br \/>Com seu apurad\u00edssimo bom gosto, Nelson Rossiter anuncia que a Galeria Rossiter Decor em Jo\u00e3o Pessoa (PB) esta de mudan\u00e7a para um novo espa\u00e7o do Mangabeira Shopping. A reabertura ser\u00e1 no in\u00edcio de mar\u00e7o com novidades incr\u00edveis.<\/p>\n<p style=\"text-align: center;\"><span class=\"h4\">Alma Carioca<\/span><br \/>Feliz e de bem com a vida, o novo vice-presidente da Academia Carioca de Letras, o ator, diretor e escritor S\u00e9rgio Fonta tem dois projetos na pauta: abrir a institui\u00e7\u00e3o para parcerias internacionais e a retomada da revista da academia com o tema \u201cA alma do Rio\u201d.<\/p>\n<p style=\"text-align: center;\"><span class=\"h4\">Em Alta<\/span><br \/>Pensando na qualidade de vida de seus alunos, o Instituto Vianna J\u00fanior est\u00e1 oferecendo para alunos do Ensino M\u00e9dio e Superior treinamentos para v\u00f4lei, basquete, futsal, futebol, nata\u00e7\u00e3o e handebol. O foco \u00e9 a competi\u00e7\u00e3o com supervis\u00e3o do coordenador de Esporte Paulo Henrique Toledo.<\/p>\n<p style=\"text-align: center;\"><span class=\"h4\">Beleza<\/span><br \/>Uma pele morena e um batom vivo podem ser tudo o que precisa para momentos inesquec\u00edveis no carnaval e festas de ver\u00e3o. Escolha os aliados perfeitos para um look sexy e glam com os produtos Mac e Dior. O luxo!<\/p>\n<p style=\"text-align: center;\"><span class=\"h4\">Em Rio Novo<\/span><br \/>O talentoso coiffeur Igor Juliani do Sal\u00e3o Andr\u00e9 Pavan de Cabo Frio, vai desfilar deslumbrante no carro destaque da Escola Mocidade Dependente de Rio Novo. A escola desfila no s\u00e1bado, \u00e0s 23h30 e dever\u00e1 vir com luxo e originalidade.<\/p>\n<p style=\"text-align: center;\"><img decoding=\"async\" class=\" size-full wp-image-91555\" src=\"http:\/\/diarioregionaljf.com.br\/wp-content\/uploads\/2018\/02\/diario-int-24017-1.jpg\" alt=\"fotoaa (2).jpg\" width=\"680\" style=\"display: block; margin-left: auto; margin-right: auto;\" srcset=\"https:\/\/diarioregionaldigital.com.br\/wp-content\/uploads\/2018\/02\/diario-int-24017-1.jpg 680w, https:\/\/diarioregionaldigital.com.br\/wp-content\/uploads\/2018\/02\/diario-int-24017-1-266x300.jpg 266w, https:\/\/diarioregionaldigital.com.br\/wp-content\/uploads\/2018\/02\/diario-int-24017-1-360x407.jpg 360w\" sizes=\"(max-width: 680px) 100vw, 680px\" \/>Os bonit\u00f5es \u00edtalo Freg\u00fcglia e Lucas Lorhan, no Carnaval da Bahia\/ Salvador, ontem<\/p>\n<p style=\"text-align: center;\"><img decoding=\"async\" class=\" size-full wp-image-91556\" src=\"http:\/\/diarioregionaljf.com.br\/wp-content\/uploads\/2018\/02\/diario-int-24017-2.jpg\" alt=\"fotoaa.jpg\" width=\"680\" style=\"display: block; margin-left: auto; margin-right: auto;\" srcset=\"https:\/\/diarioregionaldigital.com.br\/wp-content\/uploads\/2018\/02\/diario-int-24017-2.jpg 680w, https:\/\/diarioregionaldigital.com.br\/wp-content\/uploads\/2018\/02\/diario-int-24017-2-300x243.jpg 300w, https:\/\/diarioregionaldigital.com.br\/wp-content\/uploads\/2018\/02\/diario-int-24017-2-360x291.jpg 360w\" sizes=\"(max-width: 680px) 100vw, 680px\" \/>Nos est\u00fadios globais, o ator Caio Paduan e o dan\u00e7arino juiz-forano, Leandro Martins<\/p>\n<p style=\"text-align: center;\"><img decoding=\"async\" class=\" size-full wp-image-91557\" src=\"http:\/\/diarioregionaljf.com.br\/wp-content\/uploads\/2018\/02\/diario-int-24017-3.jpg\" alt=\"fotobb (2).jpg\" width=\"680\" style=\"display: block; margin-left: auto; margin-right: auto;\" srcset=\"https:\/\/diarioregionaldigital.com.br\/wp-content\/uploads\/2018\/02\/diario-int-24017-3.jpg 680w, https:\/\/diarioregionaldigital.com.br\/wp-content\/uploads\/2018\/02\/diario-int-24017-3-300x243.jpg 300w, https:\/\/diarioregionaldigital.com.br\/wp-content\/uploads\/2018\/02\/diario-int-24017-3-360x291.jpg 360w\" sizes=\"(max-width: 680px) 100vw, 680px\" \/>Na Toca da Raposa, na Primeira Mostra de Marchinhas Carnavalescas de JF, Erika Beire e Carlos Fernando Cunha<\/p>\n<p style=\"text-align: center;\"><img decoding=\"async\" class=\" size-full wp-image-91558\" src=\"http:\/\/diarioregionaljf.com.br\/wp-content\/uploads\/2018\/02\/diario-int-24017-4.jpg\" alt=\"fotobb.jpg\" width=\"680\" style=\"display: block; margin-left: auto; margin-right: auto;\" srcset=\"https:\/\/diarioregionaldigital.com.br\/wp-content\/uploads\/2018\/02\/diario-int-24017-4.jpg 680w, https:\/\/diarioregionaldigital.com.br\/wp-content\/uploads\/2018\/02\/diario-int-24017-4-300x243.jpg 300w, https:\/\/diarioregionaldigital.com.br\/wp-content\/uploads\/2018\/02\/diario-int-24017-4-360x291.jpg 360w\" sizes=\"(max-width: 680px) 100vw, 680px\" \/>No Bloco do Batom, as socialites Nara Franco e Sandra Barbeto<\/p>\n<p style=\"text-align: center;\"><img decoding=\"async\" class=\" size-full wp-image-91559\" src=\"http:\/\/diarioregionaljf.com.br\/wp-content\/uploads\/2018\/02\/diario-int-24017-5.JPG\" alt=\"fotoc.JPG\" width=\"680\" style=\"display: block; margin-left: auto; margin-right: auto;\" srcset=\"https:\/\/diarioregionaldigital.com.br\/wp-content\/uploads\/2018\/02\/diario-int-24017-5.JPG 680w, https:\/\/diarioregionaldigital.com.br\/wp-content\/uploads\/2018\/02\/diario-int-24017-5-300x198.jpg 300w, https:\/\/diarioregionaldigital.com.br\/wp-content\/uploads\/2018\/02\/diario-int-24017-5-360x238.jpg 360w\" sizes=\"(max-width: 680px) 100vw, 680px\" \/>Na tarde musical do Card\u00e1pio Mineiro no Espa\u00e7o Mascarenhas, Edmar Augusto e Henrique Gon\u00e7alves<\/p>\n<p style=\"text-align: center;\"><img decoding=\"async\" class=\" size-full wp-image-91560\" src=\"http:\/\/diarioregionaljf.com.br\/wp-content\/uploads\/2018\/02\/diario-int-24017-6.jpg\" alt=\"fotod.jpg\" width=\"680\" style=\"display: block; margin-left: auto; margin-right: auto;\" srcset=\"https:\/\/diarioregionaldigital.com.br\/wp-content\/uploads\/2018\/02\/diario-int-24017-6.jpg 680w, https:\/\/diarioregionaldigital.com.br\/wp-content\/uploads\/2018\/02\/diario-int-24017-6-300x243.jpg 300w, https:\/\/diarioregionaldigital.com.br\/wp-content\/uploads\/2018\/02\/diario-int-24017-6-360x291.jpg 360w\" sizes=\"(max-width: 680px) 100vw, 680px\" \/>Curtindo o Bloco Nega Maria, M\u00e1rcio Marques e Rafael Crespo<\/p>\n<p style=\"text-align: center;\"><img decoding=\"async\" class=\" size-full wp-image-91561\" src=\"http:\/\/diarioregionaljf.com.br\/wp-content\/uploads\/2018\/02\/diario-int-24017-7.jpg\" alt=\"fotof.jpg\" width=\"680\" style=\"display: block; margin-left: auto; margin-right: auto;\" srcset=\"https:\/\/diarioregionaldigital.com.br\/wp-content\/uploads\/2018\/02\/diario-int-24017-7.jpg 680w, https:\/\/diarioregionaldigital.com.br\/wp-content\/uploads\/2018\/02\/diario-int-24017-7-300x243.jpg 300w, https:\/\/diarioregionaldigital.com.br\/wp-content\/uploads\/2018\/02\/diario-int-24017-7-360x291.jpg 360w\" sizes=\"(max-width: 680px) 100vw, 680px\" \/>Saulo Giacomini com seu estilo minimalista, \u00e9 destaque hoje nesta coluna social<\/p>\n<p style=\"text-align: center;\"><img decoding=\"async\" class=\" size-full wp-image-91562\" src=\"http:\/\/diarioregionaljf.com.br\/wp-content\/uploads\/2018\/02\/diario-int-24017-8.jpg\" alt=\"fotoh.jpg\" width=\"680\" style=\"display: block; margin-left: auto; margin-right: auto;\" srcset=\"https:\/\/diarioregionaldigital.com.br\/wp-content\/uploads\/2018\/02\/diario-int-24017-8.jpg 678w, https:\/\/diarioregionaldigital.com.br\/wp-content\/uploads\/2018\/02\/diario-int-24017-8-300x199.jpg 300w, https:\/\/diarioregionaldigital.com.br\/wp-content\/uploads\/2018\/02\/diario-int-24017-8-360x239.jpg 360w\" sizes=\"(max-width: 678px) 100vw, 678px\" \/>Maravilhosa no carnaval da Arpel, Adriana Canetti\u00e9re<\/p>\n<p style=\"text-align: center;\"><img decoding=\"async\" class=\" size-full wp-image-91563\" src=\"http:\/\/diarioregionaljf.com.br\/wp-content\/uploads\/2018\/02\/diario-int-24017-9.jpg\" alt=\"fotoi.jpg\" width=\"680\" style=\"display: block; margin-left: auto; margin-right: auto;\" srcset=\"https:\/\/diarioregionaldigital.com.br\/wp-content\/uploads\/2018\/02\/diario-int-24017-9.jpg 680w, https:\/\/diarioregionaldigital.com.br\/wp-content\/uploads\/2018\/02\/diario-int-24017-9-300x199.jpg 300w, https:\/\/diarioregionaldigital.com.br\/wp-content\/uploads\/2018\/02\/diario-int-24017-9-360x238.jpg 360w\" sizes=\"(max-width: 680px) 100vw, 680px\" \/>No Bloco Batucada no Bar do L\u00e9o, Dirce de Souza Pereira, Yanini Em\u00eddio e Bruno Black<\/p>\n<p style=\"text-align: center;\"><img decoding=\"async\" class=\" size-full wp-image-91564\" src=\"http:\/\/diarioregionaljf.com.br\/wp-content\/uploads\/2018\/02\/diario-int-24017-10.jpg\" alt=\"fotoj.jpg\" width=\"680\" style=\"display: block; margin-left: auto; margin-right: auto;\" srcset=\"https:\/\/diarioregionaldigital.com.br\/wp-content\/uploads\/2018\/02\/diario-int-24017-10.jpg 678w, https:\/\/diarioregionaldigital.com.br\/wp-content\/uploads\/2018\/02\/diario-int-24017-10-300x243.jpg 300w, https:\/\/diarioregionaldigital.com.br\/wp-content\/uploads\/2018\/02\/diario-int-24017-10-360x292.jpg 360w\" sizes=\"(max-width: 678px) 100vw, 678px\" \/>Fazendo selfie conferindo o visual para o carnaval, o belo Jean Lucas Gon\u00e7alves<\/p>\n<p style=\"text-align: center;\"><img decoding=\"async\" class=\" size-full wp-image-91565\" src=\"http:\/\/diarioregionaljf.com.br\/wp-content\/uploads\/2018\/02\/diario-int-24017-11.jpg\" alt=\"fotocc.jpg\" width=\"680\" style=\"display: block; margin-left: auto; margin-right: auto;\" srcset=\"https:\/\/diarioregionaldigital.com.br\/wp-content\/uploads\/2018\/02\/diario-int-24017-11.jpg 680w, https:\/\/diarioregionaldigital.com.br\/wp-content\/uploads\/2018\/02\/diario-int-24017-11-300x198.jpg 300w, https:\/\/diarioregionaldigital.com.br\/wp-content\/uploads\/2018\/02\/diario-int-24017-11-360x237.jpg 360w\" sizes=\"(max-width: 680px) 100vw, 680px\" \/>Lal\u00e1, Lel\u00e9, Lili e Lol\u00f3 fechando a p\u00e1gina com o Bloco da Loja Martina, vestindo Dudalina<\/p>\n<p class=\"h4\" style=\"text-align: center;\">FOTOSS\u00cdNTESE<\/p>\n<p>O carnaval de Ch\u00e1cara vai bombar neste s\u00e1bado, 10, com a dupla juiz forana Pablo &amp; Ricardo. No dia 11, tem bis e logo ap\u00f3s Mc Poca Hontas.<\/p>\n<p>Nesta sexta, 09, o Bar da F\u00e1brica recebe o evento Canja do Bloco do Beco, \u00e0s 19h. Participa\u00e7\u00e3o de Rodrigo do Surdo, J\u00fanior 7 Cordas, M\u00e1rcio Gomes, Moacir do Cavaco, Vin\u00edcius do Trompete e Mam\u00e3o. Ser\u00e1 logo ap\u00f3s o desfile do Bloco do Beco.<\/p>\n<p>O arquiteto Alex Martins vai desfilar no 2\u00ba carro da Uni\u00e3o da Ilha, na 2\u00aa feira de desfiles na Marqu\u00eas de Sapuca\u00ed no Rio.<\/p>\n<p>Na 6\u00aa feira, 9, o espa\u00e7o da Alma Viva, na rua: Bernardo Mascarenhas, \u00e0s 13h, vai ter evento carnavalesco, com finalidade filantr\u00f3pica. Convidando este colunista, o supervisor William Venceslau.<\/p>\n<p>Isabelita dos Patins veio direto do Rio de Janeiro e desfila nesta 6\u00aa feira, 9, no Bloco Pintinho de Ouro e no s\u00e1bado, 10, na Banda Daki.<\/p>\n<p>Ser\u00e1 nesta 6\u00aa feira, 9, na Curia Metropolitana a coletiva do Dom Gil Moreira sobre a Campanha da Fraternidade 2018.<\/p>\n<p>Mestre Jansen, Erica Beire e Beto Souza, ir\u00e3o curtir a 3\u00aa feira de carnaval, em Guarani.<\/p>\n<p>Explodindo cora\u00e7\u00f5es, nesta sexta-feira tem blocos arrepiantes em Juiz de Fora. \u00c0s 18h, sai o Bloco Pintinho de Ouro e \u00e0s 20h o Bloco do Beco. A concentra\u00e7\u00e3o \u00e9 no Parque Halfeld descendo o Cal\u00e7ad\u00e3o at\u00e9 a Pra\u00e7a da Esta\u00e7\u00e3o.<\/p>\n<p>O artista pl\u00e1stico Yure Mendes montou uma linda exposi\u00e7\u00e3o com suas esculturas no LI do Shopping Jardim Norte. Fui ver e vi um artista no auge de sua sutileza.<\/p>\n<p>Te dedico: tem a s\u00e1bia coordena\u00e7\u00e3o do professor Fernando Guilhon, o projeto de extens\u00e3o Dialogar N\u00facleo de Media\u00e7\u00e3o da Faculdade de Direito da UFJF.<\/p>\n<p>Batendo perna em Paris, com muito charme e eleg\u00e2ncia, M\u00f4nica Gomide Guimar\u00e3es e Carlos Henrique Batitucci.<\/p>\n<p>Not\u00edcia boa chega da Black Fitness dando conta de que Roberta Bicalho vai passar a dar aulas de yoga,l\u00e1.<\/p>\n<p>Muito legal a proposta do Bloco da Inclus\u00e3o, dando espa\u00e7o para pessoas com necessidades especiais e com dificuldade para sair a noite e poder brincar o carnaval. Os padrinhos s\u00e3o Ney Ank e Beth Ank.<\/p>\n<p>Dona cegonha aprontou de novo. Colocou na chamin\u00e9 de Roberta Schincariol e Tiago Costa, o robusto beb\u00ea Lucca. Acendendo charutos de felicidade, os av\u00f3s, Zez\u00e9 Costa e Mozar Costa e Vera e Jos\u00e9 Roberto Schincariol.<\/p>\n<p>Dica: para os dias de sol, campo, granjas e piscina \u00e9 bom ter um balde de gelo com o espumante Brut Ros\u00e9 Cr\u00e9mant de Limoux. Sirva com carpaccios, entradas com queijos, presunto de parma, salaminho e azeitonas temperadas.<\/p>\n<p>R\u00eagis da Vila foi merecidamente homenageado pelo Bloco Eu e Voc\u00ea, que desfilou glorioso no Vitorino Braga.<\/p>\n<p>A irreverente Banda Daki, sai amanh\u00e3, \u00e0s 13h, com concentra\u00e7\u00e3o no Largo do Riachuelo.<\/p>\n<p>Com o cancelamento dos desfiles das escolas de samba em Juiz de Fora, destaques e foli\u00f5es estar\u00e3o no Rio de Janeiro desfilando pela Mangueira, Salgueiro, Portela, Mocidade, Uni\u00e3o da Ilha e Beija-Flor.<\/p>\n<p>Para os carnavalescos de plant\u00e3o: As pessoas costumam dizer que a motiva\u00e7\u00e3o n\u00e3o dura sempre. Bem, nem o efeito do banho, por isso recomenda-se diariamente. Bom final de semana com muito confete e serpentina.<\/p>\n","protected":false},"excerpt":{"rendered":"<p>Carnaval na BahiaOlha s\u00f3: ACM Neto comprou uma briga com a produtora Paula Lavigne. \u00c9 que a Prefeitura de Salvador deve R$ 50 milh\u00f5es de direitos autorais por carnavais passados. O Ecad chegou a fazer um contraproposta de R$ 8 milh\u00f5es e &#8230; nada. Agora, os artistas liderado por Paula, resolveram n\u00e3o ceder suas m\u00fasicas [&hellip;]<\/p>\n","protected":false},"author":96,"featured_media":91554,"comment_status":"closed","ping_status":"closed","sticky":false,"template":"","format":"standard","meta":{"footnotes":""},"categories":[264],"tags":[],"class_list":["post-91566","post","type-post","status-publish","format-standard","has-post-thumbnail","hentry","category-eduardo-gomes"],"_links":{"self":[{"href":"https:\/\/diarioregionaldigital.com.br\/index.php?rest_route=\/wp\/v2\/posts\/91566","targetHints":{"allow":["GET"]}}],"collection":[{"href":"https:\/\/diarioregionaldigital.com.br\/index.php?rest_route=\/wp\/v2\/posts"}],"about":[{"href":"https:\/\/diarioregionaldigital.com.br\/index.php?rest_route=\/wp\/v2\/types\/post"}],"author":[{"embeddable":true,"href":"https:\/\/diarioregionaldigital.com.br\/index.php?rest_route=\/wp\/v2\/users\/96"}],"replies":[{"embeddable":true,"href":"https:\/\/diarioregionaldigital.com.br\/index.php?rest_route=%2Fwp%2Fv2%2Fcomments&post=91566"}],"version-history":[{"count":0,"href":"https:\/\/diarioregionaldigital.com.br\/index.php?rest_route=\/wp\/v2\/posts\/91566\/revisions"}],"wp:featuredmedia":[{"embeddable":true,"href":"https:\/\/diarioregionaldigital.com.br\/index.php?rest_route=\/wp\/v2\/media\/91554"}],"wp:attachment":[{"href":"https:\/\/diarioregionaldigital.com.br\/index.php?rest_route=%2Fwp%2Fv2%2Fmedia&parent=91566"}],"wp:term":[{"taxonomy":"category","embeddable":true,"href":"https:\/\/diarioregionaldigital.com.br\/index.php?rest_route=%2Fwp%2Fv2%2Fcategories&post=91566"},{"taxonomy":"post_tag","embeddable":true,"href":"https:\/\/diarioregionaldigital.com.br\/index.php?rest_route=%2Fwp%2Fv2%2Ftags&post=91566"}],"curies":[{"name":"wp","href":"https:\/\/api.w.org\/{rel}","templated":true}]}}