{"id":91553,"date":"2018-02-08T20:07:35","date_gmt":"2018-02-08T22:07:35","guid":{"rendered":"http:\/\/diarioregionaljf.com.br\/2018\/02\/08\/apesar-de-recuo-de-5-5-safra-2017-2018-sera-a-segunda-maior-dos-ultimos-anos\/"},"modified":"2018-02-08T20:07:35","modified_gmt":"2018-02-08T22:07:35","slug":"apesar-de-recuo-de-5-5-safra-2017-2018-sera-a-segunda-maior-dos-ultimos-anos","status":"publish","type":"post","link":"https:\/\/diarioregionaldigital.com.br\/?p=91553","title":{"rendered":"Apesar de recuo de 5,5%, safra 2017\/2018 ser\u00e1 a segunda maior dos \u00faltimos anos"},"content":{"rendered":"<p>A Companhia Nacional de Abastecimento (Conab) informou hoje, 8, que a safra de gr\u00e3os 2017\/2018 dever\u00e1 alcan\u00e7ar 225,6 milh\u00f5es de toneladas, sendo a segunda maior da s\u00e9rie hist\u00f3rica, que \u00e9 liderada pela safra anterior. Na compara\u00e7\u00e3o com o volume produzido em 2016\/2017, de 237,7 milh\u00f5es de toneladas, espera-se um recuo de 5,1%, embora a \u00e1rea total de plantio prevista seja 0,2% maior, de 61,01 milh\u00f5es de hectares.<\/p>\n<p>O levantamento que analisou os principais centros produtores de gr\u00e3os, de 21 a 27 de janeiro, identificou que sofrer\u00e3o queda culturas como a soja, o milho e o arroz, que passam de 12,327 milh\u00f5es de toneladas para 11,639 milh\u00f5es, com uma colheita 5,6% inferior \u00e0 de 2016\/2017. A produ\u00e7\u00e3o de arroz, estimada em 11,6 milh\u00f5es de toneladas, n\u00e3o sofreu altera\u00e7\u00f5es significativas, visto que as condi\u00e7\u00f5es clim\u00e1ticas permanecem favor\u00e1veis \u00e0 cultura, segundo o levantamento.<\/p>\n<p>&#8220;O pessoal do arroz est\u00e1 com dificuldade de pre\u00e7o. N\u00f3s tivemos uma safra excepcional no ano passado, vamos ter uma safra muito boa este ano. O governo n\u00e3o tem nada de estoque de arroz. Por um lado, \u00e9 positivo, porque temos a garantia do abastecimento privado. Isso fez com que os pre\u00e7os do arroz estejam no limite do pre\u00e7o m\u00ednimo. Tem regi\u00f5es com o pre\u00e7o de mercado abaixo do pre\u00e7o m\u00ednimo&#8221;, disse o diretor-presidente da Conab, Marcelo Bezerra.<\/p>\n<p>Segundo Bezerra, o governo federal programa emitir nesta sexta-feira, 9, um aviso de Pr\u00eamio para o Escoamento (PEP) e Pr\u00eamio Equalizador Pago ao Produtor Rural (Pepro) para o arroz, no valor de R$100 milh\u00f5es. &#8220;Faremos tr\u00eas ou quatro leil\u00f5es, at\u00e9 atingir 1,2 milh\u00e3o de toneladas de arroz&#8221;, informou.<\/p>\n<p>Circunst\u00e2ncias intr\u00ednsecas \u00e0 cultura do feij\u00e3o, como dificuldades de manejo, problemas sanit\u00e1rios e na comercializa\u00e7\u00e3o estabelecem forte press\u00e3o sobre o produto, na avalia\u00e7\u00e3o dos especialistas da Conab.<\/p>\n<p>Para a primeira safra \u00e9 constatado um encolhimento da \u00e1rea plantada, o que reflete uma produ\u00e7\u00e3o de 1,25 milh\u00e3o de toneladas, sendo 811 mil toneladas de feij\u00e3o-comum cores, 295,7 mil toneladas de feij\u00e3o-comum preto e 147,6 mil toneladas de feij\u00e3o-caupi. Na segunda safra, h\u00e1 uma expans\u00e3o das terras destinadas ao produto, o que resulta num incremento na produ\u00e7\u00e3o, estimada em 1,23 milh\u00e3o de toneladas, sendo 546,1 mil toneladas de feij\u00e3o-comum cores, 184,6 mil toneladas de feij\u00e3o-comum preto e 503,2 mil toneladas de feij\u00e3o-caupi.<\/p>\n<p>A primeira safra do milho, por sua vez, de 24,74 milh\u00f5es de toneladas, ser\u00e1 18,8% menor do que o da safra passada, ocasionado por uma redu\u00e7\u00e3o de \u00e1rea e produtividade. Na segunda safra, a retra\u00e7\u00e3o \u00e9 da ordem de 6,1% em rela\u00e7\u00e3o \u00e0 safra anterior, com a produ\u00e7\u00e3o chegando a 63,26 milh\u00f5es de toneladas. Com isso, a expectativa para o milho \u00e9 de redu\u00e7\u00e3o de 10,1%, j\u00e1 que a quantidade colhida passa de 97,8 milh\u00f5es para 88 milh\u00f5es de toneladas.<\/p>\n<p>Ainda conforme o boletim, a soja, cultura favorita dos produtores brasileiros, ao lado do milho, apresenta uma diminui\u00e7\u00e3o de 2,2% na produ\u00e7\u00e3o, com um total de 111,6 milh\u00f5es de toneladas, ante 114,1 milh\u00f5es de toneladas do per\u00edodo mais recente. No quesito produtividade, a oleaginosa sofreu perda avaliada em 3.364 quilos\/hectare da safra anterior para 3.185 quilos\/hectare.<\/p>\n<p>O superintendente de Informa\u00e7\u00f5es do Agroneg\u00f3cio da Conab, Aroldo de Oliveira Neto, ressaltou que, enquanto a soja e o milho s\u00e3o favoritos pelos produtores devido \u00e0 proje\u00e7\u00e3o no mercado externo, o feij\u00e3o e o arroz, que comp\u00f5em a ic\u00f4nica mistura presente no prato dos brasileiros, &#8220;representam sa\u00fade&#8221;, apesar de estarem sendo plantados em espa\u00e7os menores.<\/p>\n<p>O cen\u00e1rio mais pr\u00f3spero salientado pela Conab foi o do algod\u00e3o: com o plantio pr\u00f3ximo do fim, deve registrar um aumento de 1,789 milh\u00e3o de toneladas de pluma (17%). A companhia destacou ainda, como regi\u00f5es de potencial ou j\u00e1 existente crescimento, Tocantins, Rond\u00f4nia, estado com grande capacidade de escoamento da safra, e Maranh\u00e3o, que, segundo Oliveira Neto, tem sido estimulado na produ\u00e7\u00e3o agr\u00edcola por programas governamentais. &#8220;No Norte, estamos vendo uma fronteira que se abre no sudeste do Par\u00e1&#8221;, acrescentou o superintendente.<\/p>\n<hr \/>\n<p>&nbsp;Fonte: Ag\u00eancia Brasil<\/p>\n","protected":false},"excerpt":{"rendered":"<p>A Companhia Nacional de Abastecimento (Conab) informou hoje, 8, que a safra de gr\u00e3os 2017\/2018 dever\u00e1 alcan\u00e7ar 225,6 milh\u00f5es de toneladas, sendo a segunda maior da s\u00e9rie hist\u00f3rica, que \u00e9 liderada pela safra anterior. Na compara\u00e7\u00e3o com o volume produzido em 2016\/2017, de 237,7 milh\u00f5es de toneladas, espera-se um recuo de 5,1%, embora a \u00e1rea [&hellip;]<\/p>\n","protected":false},"author":96,"featured_media":91552,"comment_status":"closed","ping_status":"closed","sticky":false,"template":"","format":"standard","meta":{"footnotes":""},"categories":[261],"tags":[],"class_list":["post-91553","post","type-post","status-publish","format-standard","has-post-thumbnail","hentry","category-economia"],"_links":{"self":[{"href":"https:\/\/diarioregionaldigital.com.br\/index.php?rest_route=\/wp\/v2\/posts\/91553","targetHints":{"allow":["GET"]}}],"collection":[{"href":"https:\/\/diarioregionaldigital.com.br\/index.php?rest_route=\/wp\/v2\/posts"}],"about":[{"href":"https:\/\/diarioregionaldigital.com.br\/index.php?rest_route=\/wp\/v2\/types\/post"}],"author":[{"embeddable":true,"href":"https:\/\/diarioregionaldigital.com.br\/index.php?rest_route=\/wp\/v2\/users\/96"}],"replies":[{"embeddable":true,"href":"https:\/\/diarioregionaldigital.com.br\/index.php?rest_route=%2Fwp%2Fv2%2Fcomments&post=91553"}],"version-history":[{"count":0,"href":"https:\/\/diarioregionaldigital.com.br\/index.php?rest_route=\/wp\/v2\/posts\/91553\/revisions"}],"wp:featuredmedia":[{"embeddable":true,"href":"https:\/\/diarioregionaldigital.com.br\/index.php?rest_route=\/wp\/v2\/media\/91552"}],"wp:attachment":[{"href":"https:\/\/diarioregionaldigital.com.br\/index.php?rest_route=%2Fwp%2Fv2%2Fmedia&parent=91553"}],"wp:term":[{"taxonomy":"category","embeddable":true,"href":"https:\/\/diarioregionaldigital.com.br\/index.php?rest_route=%2Fwp%2Fv2%2Fcategories&post=91553"},{"taxonomy":"post_tag","embeddable":true,"href":"https:\/\/diarioregionaldigital.com.br\/index.php?rest_route=%2Fwp%2Fv2%2Ftags&post=91553"}],"curies":[{"name":"wp","href":"https:\/\/api.w.org\/{rel}","templated":true}]}}