{"id":91551,"date":"2018-02-08T20:02:23","date_gmt":"2018-02-08T22:02:23","guid":{"rendered":"http:\/\/diarioregionaljf.com.br\/2018\/02\/08\/trabalhadores-protestam-contra-assembleia-sobre-venda-de-empresas-da-eletrobras\/"},"modified":"2018-02-08T20:02:23","modified_gmt":"2018-02-08T22:02:23","slug":"trabalhadores-protestam-contra-assembleia-sobre-venda-de-empresas-da-eletrobras","status":"publish","type":"post","link":"https:\/\/diarioregionaldigital.com.br\/?p=91551","title":{"rendered":"Trabalhadores protestam contra assembleia sobre venda de empresas da Eletrobras"},"content":{"rendered":"<p>Cerca de 90 trabalhadores das seis distribuidoras de energia da Eletrobras e integrantes de movimentos sociais fazem na tarde de hoje, 8, um protesto contra a realiza\u00e7\u00e3o da assembleia geral extraordin\u00e1ria da companhia. A reuni\u00e3o da empresa, marcada para as 14h desta quinta-feira, tem como principal ponto de pauta decidir pela venda ou liquida\u00e7\u00e3o das distribuidoras do grupo Eletrobras: Companhia de Eletricidade do Acre (Eletroacre), Centrais El\u00e9tricas de Rond\u00f4nia (Ceron), Boa Vista Energia, Amazonas Distribuidora de Energia (Amazonas Energia), Companhia Energ\u00e9tica do Piau\u00ed (Cepisa) e Companhia Energ\u00e9tica de Alagoas (Ceal).<\/p>\n<p>Caso os acionistas decidam pela venda, o governo estipulou, em novembro do ano passado, o valor m\u00ednimo de R$ 50 mil para cada uma das distribuidoras. At\u00e9 as 16h20, a assembleia ainda n\u00e3o havia come\u00e7ado.<\/p>\n<p>Na pauta da assembleia tamb\u00e9m est\u00e1 a discuss\u00e3o sobre se a Eletrobras deve assumir as d\u00edvidas das distribuidoras, estimadas em mais de R$11,2 bilh\u00f5es, al\u00e9m dos R$8,477 bilh\u00f5es devidos aos fundos setoriais. No in\u00edcio de janeiro, a diretoria da empresa votou para que a Eletrobras assumisse somente os R$11,2 bilh\u00f5es em d\u00e9bitos, deixando o passivo dos fundos setoriais para o futuro comprador.<\/p>\n<p>Os acionistas tamb\u00e9m decidir\u00e3o sobre a delega\u00e7\u00e3o de poderes ao Conselho de Administra\u00e7\u00e3o da Eletrobras para, em at\u00e9 seis meses, deliberar sobre o exerc\u00edcio de op\u00e7\u00e3o da empresa de aumentar a participa\u00e7\u00e3o em at\u00e9 30% no capital das distribuidoras cujas transfer\u00eancias do controle acion\u00e1rio forem aprovadas.<\/p>\n<p>Em nota, a Federa\u00e7\u00e3o Nacional dos Urbanit\u00e1rios (FNU) disse que entrou com pedido na Justi\u00e7a para suspender a assembleia. \u201cQualquer uma das decis\u00f5es &#8211; privatizar ou liquidar as seis distribuidoras &#8211; ser\u00e1 desastrosa para a popula\u00e7\u00e3o desses respectivos estados e para o pa\u00eds\u201d, disse a entidade.<\/p>\n<h4>Auditoria do TCU<\/h4>\n<p>Ontem, 7, o ministro do Tribunal de Contas da Uni\u00e3o (TCU) Vital do R\u00eago pediu \u00e0 \u00e1rea t\u00e9cnica do \u00f3rg\u00e3o que fa\u00e7a uma auditoria no processo de dilui\u00e7\u00e3o do controle da Eletrobras. A inten\u00e7\u00e3o \u00e9 verificar se o lance m\u00ednimo, calculado em R$12 bilh\u00f5es, condiz com o tamanho e a import\u00e2ncia da empresa. O ministro tamb\u00e9m quer saber se o calend\u00e1rio de privatiza\u00e7\u00e3o proposta pelo governo \u00e9 suficiente para que o processo seja devidamente fiscalizado pelo TCU.<\/p>\n<p>Para a deputada Erika Kokay (PT-DF), presente \u00e0 manifesta\u00e7\u00e3o, a privatiza\u00e7\u00e3o da Eletrobras \u00e9 entrega de patrim\u00f4nio do povo brasileiro para empresas que n\u00e3o teriam compromisso em investir em regi\u00f5es de pouco retorno financeiro, como a Regi\u00e3o Norte, devido aos custos com a distribui\u00e7\u00e3o de energia.<\/p>\n<p>\u201cEles [o governo] querem vender as distribuidoras pelo valor irris\u00f3rio de R$ 50 mil e a Eletrobras ainda tendo que assumir as d\u00edvidas dessas empresas. E estamos falando de distribuidoras que levam energia para lugares onde n\u00e3o h\u00e1 retorno financeiro. Ou seja, o que se busca \u00e9 entregar o patrim\u00f4nio do povo brasileiro\u201d, disse a deputada \u00e0 Ag\u00eancia Brasil. \u201cSe se vender esse patrim\u00f4nio, vamos ter um grande contingente de brasileiros sem condi\u00e7\u00f5es de ter energia\u201d, acrescentou.<\/p>\n<p>De acordo com a deputada, parlamentares contr\u00e1rios \u00e0 privatiza\u00e7\u00e3o pediram uma audi\u00eancia para debater o tema com o ministro. \u201cO ministro tem dito que esse pre\u00e7o \u00e9 estranho em raz\u00e3o do valor dos ativos da Eletrobras. S\u00f3 uma usina como Belo Monte representou um investimento de mais de R$ 50 bilh\u00f5es e se quer vender por um valor m\u00ednimo\u201d, disse Erika.<\/p>\n<h4>Paralisa\u00e7\u00f5es<\/h4>\n<p>De acordo com o diretor do Sindicato dos Urbanit\u00e1rios do Distrito Federal, Victor Frota da Silva, os trabalhadores das distribuidoras tamb\u00e9m cruzaram os bra\u00e7os nos estados onde as empresas atuam. Para o sindicalista, a privatiza\u00e7\u00e3o das distribuidoras ocasionar\u00e1 um impacto socioecon\u00f4mico, prejudicando as popula\u00e7\u00f5es das regi\u00f5es Norte e Nordeste.<\/p>\n<p>\u201cEssas distribuidoras t\u00eam uma import\u00e2ncia para o desenvolvimento socioecon\u00f4mico da regi\u00e3o, bem como atender \u00e0s popula\u00e7\u00f5es nas regi\u00f5es de fronteira. O governo tentar vender essas distribuidoras h\u00e1, pelo menos, dois anos. O outro passo \u00e9 vender as outras 15 empresas de gera\u00e7\u00e3o, pesquisa e transmiss\u00e3o de energia\u201d, disse. \u201cA gente acredita que, com a dificuldade que o governo est\u00e1 tendo em votar a reforma da Previd\u00eancia, o foco passa a ser Eletrobras\u201d, afirmou Silva.<\/p>\n<hr \/>\n<p>&nbsp;Fonte: Ag\u00eancia Brasil<\/p>\n","protected":false},"excerpt":{"rendered":"<p>Cerca de 90 trabalhadores das seis distribuidoras de energia da Eletrobras e integrantes de movimentos sociais fazem na tarde de hoje, 8, um protesto contra a realiza\u00e7\u00e3o da assembleia geral extraordin\u00e1ria da companhia. A reuni\u00e3o da empresa, marcada para as 14h desta quinta-feira, tem como principal ponto de pauta decidir pela venda ou liquida\u00e7\u00e3o das [&hellip;]<\/p>\n","protected":false},"author":96,"featured_media":91550,"comment_status":"closed","ping_status":"closed","sticky":false,"template":"","format":"standard","meta":{"footnotes":""},"categories":[261],"tags":[],"class_list":["post-91551","post","type-post","status-publish","format-standard","has-post-thumbnail","hentry","category-economia"],"_links":{"self":[{"href":"https:\/\/diarioregionaldigital.com.br\/index.php?rest_route=\/wp\/v2\/posts\/91551","targetHints":{"allow":["GET"]}}],"collection":[{"href":"https:\/\/diarioregionaldigital.com.br\/index.php?rest_route=\/wp\/v2\/posts"}],"about":[{"href":"https:\/\/diarioregionaldigital.com.br\/index.php?rest_route=\/wp\/v2\/types\/post"}],"author":[{"embeddable":true,"href":"https:\/\/diarioregionaldigital.com.br\/index.php?rest_route=\/wp\/v2\/users\/96"}],"replies":[{"embeddable":true,"href":"https:\/\/diarioregionaldigital.com.br\/index.php?rest_route=%2Fwp%2Fv2%2Fcomments&post=91551"}],"version-history":[{"count":0,"href":"https:\/\/diarioregionaldigital.com.br\/index.php?rest_route=\/wp\/v2\/posts\/91551\/revisions"}],"wp:featuredmedia":[{"embeddable":true,"href":"https:\/\/diarioregionaldigital.com.br\/index.php?rest_route=\/wp\/v2\/media\/91550"}],"wp:attachment":[{"href":"https:\/\/diarioregionaldigital.com.br\/index.php?rest_route=%2Fwp%2Fv2%2Fmedia&parent=91551"}],"wp:term":[{"taxonomy":"category","embeddable":true,"href":"https:\/\/diarioregionaldigital.com.br\/index.php?rest_route=%2Fwp%2Fv2%2Fcategories&post=91551"},{"taxonomy":"post_tag","embeddable":true,"href":"https:\/\/diarioregionaldigital.com.br\/index.php?rest_route=%2Fwp%2Fv2%2Ftags&post=91551"}],"curies":[{"name":"wp","href":"https:\/\/api.w.org\/{rel}","templated":true}]}}