{"id":91549,"date":"2018-02-08T19:58:54","date_gmt":"2018-02-08T21:58:54","guid":{"rendered":"http:\/\/diarioregionaljf.com.br\/2018\/02\/08\/energia-eletrica-conteve-inflacao-em-janeiro\/"},"modified":"2018-02-08T19:58:54","modified_gmt":"2018-02-08T21:58:54","slug":"energia-eletrica-conteve-inflacao-em-janeiro","status":"publish","type":"post","link":"https:\/\/diarioregionaldigital.com.br\/?p=91549","title":{"rendered":"Energia el\u00e9trica conteve infla\u00e7\u00e3o em janeiro"},"content":{"rendered":"<p>A queda de 4,73% no custo da energia el\u00e9trica em janeiro deste ano foi o principal freio da infla\u00e7\u00e3o oficial (0,29%), medida pelo \u00cdndice Nacional de Pre\u00e7os ao Consumidor Amplo (IPCA).<\/p>\n<p>Segundo o IBGE, o recuo das tarifas foi provocado pelo fim da cobran\u00e7a do adicional de R$0,03 para cada quilowatt-hora (kWh) consumido referente \u00e0 bandeira tarif\u00e1ria vermelha patamar 1, que vigorava em dezembro.<\/p>\n<p>A queda do pre\u00e7o da energia el\u00e9trica tamb\u00e9m foi impactada pela redu\u00e7\u00e3o da al\u00edquota do PIS\/Cofins (Programa de Integra\u00e7\u00e3o Social\/Contribui\u00e7\u00e3o para o Financiamento da Seguridade Social) em algumas das regi\u00f5es pesquisadas. Com uma infla\u00e7\u00e3o de 0,29%, o IPCA teve a menor taxa para meses de janeiro desde o Plano Real, iniciado em 1994.<\/p>\n<p>Os gastos com habita\u00e7\u00e3o, que incluem a energia el\u00e9trica, tiveram uma defla\u00e7\u00e3o (queda de pre\u00e7os) de 0,85%. O grupo de despesas vestu\u00e1rio foi outro que acusou defla\u00e7\u00e3o (-0,98%).<\/p>\n<h4>Gasolina e etanol contribuem para queda da infla\u00e7\u00e3o<\/h4>\n<p>A alta de pre\u00e7os de 2,44% na gasolina foi a principal respons\u00e1vel pela infla\u00e7\u00e3o de 0,29% medida pelo IPCA em janeiro. Outro combust\u00edvel cuja alta de pre\u00e7os impactou o IPCA foi o etanol, com aumento de pre\u00e7os de 3,55%.<\/p>\n<p>J\u00e1 os pre\u00e7os dos alimentos subiram 0,74% em janeiro, acima da alta de 0,54% de dezembro. O principal respons\u00e1vel por esse movimento foi a alimenta\u00e7\u00e3o para consumo em casa, que passou de uma infla\u00e7\u00e3o de 0,42% em dezembro para 1,12% em janeiro.<\/p>\n<p>Entre os alimentos que mais subiram de pre\u00e7os em janeiro est\u00e3o o tomate (45,17%) e a batata-inglesa (10,85%).<\/p>\n<hr \/>\n<p>&nbsp;Fonte: Ag\u00eancia Brasil<\/p>\n","protected":false},"excerpt":{"rendered":"<p>A queda de 4,73% no custo da energia el\u00e9trica em janeiro deste ano foi o principal freio da infla\u00e7\u00e3o oficial (0,29%), medida pelo \u00cdndice Nacional de Pre\u00e7os ao Consumidor Amplo (IPCA). Segundo o IBGE, o recuo das tarifas foi provocado pelo fim da cobran\u00e7a do adicional de R$0,03 para cada quilowatt-hora (kWh) consumido referente \u00e0 [&hellip;]<\/p>\n","protected":false},"author":96,"featured_media":91548,"comment_status":"closed","ping_status":"closed","sticky":false,"template":"","format":"standard","meta":{"footnotes":""},"categories":[261],"tags":[],"class_list":["post-91549","post","type-post","status-publish","format-standard","has-post-thumbnail","hentry","category-economia"],"_links":{"self":[{"href":"https:\/\/diarioregionaldigital.com.br\/index.php?rest_route=\/wp\/v2\/posts\/91549","targetHints":{"allow":["GET"]}}],"collection":[{"href":"https:\/\/diarioregionaldigital.com.br\/index.php?rest_route=\/wp\/v2\/posts"}],"about":[{"href":"https:\/\/diarioregionaldigital.com.br\/index.php?rest_route=\/wp\/v2\/types\/post"}],"author":[{"embeddable":true,"href":"https:\/\/diarioregionaldigital.com.br\/index.php?rest_route=\/wp\/v2\/users\/96"}],"replies":[{"embeddable":true,"href":"https:\/\/diarioregionaldigital.com.br\/index.php?rest_route=%2Fwp%2Fv2%2Fcomments&post=91549"}],"version-history":[{"count":0,"href":"https:\/\/diarioregionaldigital.com.br\/index.php?rest_route=\/wp\/v2\/posts\/91549\/revisions"}],"wp:featuredmedia":[{"embeddable":true,"href":"https:\/\/diarioregionaldigital.com.br\/index.php?rest_route=\/wp\/v2\/media\/91548"}],"wp:attachment":[{"href":"https:\/\/diarioregionaldigital.com.br\/index.php?rest_route=%2Fwp%2Fv2%2Fmedia&parent=91549"}],"wp:term":[{"taxonomy":"category","embeddable":true,"href":"https:\/\/diarioregionaldigital.com.br\/index.php?rest_route=%2Fwp%2Fv2%2Fcategories&post=91549"},{"taxonomy":"post_tag","embeddable":true,"href":"https:\/\/diarioregionaldigital.com.br\/index.php?rest_route=%2Fwp%2Fv2%2Ftags&post=91549"}],"curies":[{"name":"wp","href":"https:\/\/api.w.org\/{rel}","templated":true}]}}