{"id":91545,"date":"2018-02-08T19:26:59","date_gmt":"2018-02-08T21:26:59","guid":{"rendered":"http:\/\/diarioregionaljf.com.br\/2018\/02\/08\/policia-civil-apreende-drogas-durante-operacao-na-br-120-em-leopoldina\/"},"modified":"2018-02-08T19:26:59","modified_gmt":"2018-02-08T21:26:59","slug":"policia-civil-apreende-drogas-durante-operacao-na-br-120-em-leopoldina","status":"publish","type":"post","link":"https:\/\/diarioregionaldigital.com.br\/?p=91545","title":{"rendered":"Pol\u00edcia Civil apreende drogas durante opera\u00e7\u00e3o na BR-120 em Leopoldina"},"content":{"rendered":"<p>A Pol\u00edcia Civil(PC) apreendeu cerca de um quilo de maconha, al\u00e9m de por\u00e7\u00f5es de crack e coca\u00edna no final da manh\u00e3 dessa quarta-feira, 7, na rodovia BR-120, em Leopoldina (a cerca de 97 Km de JF), pr\u00f3ximo ao primeiro radar eletr\u00f4nico, nas imedia\u00e7\u00f5es da subesta\u00e7\u00e3o de energia el\u00e9trica existente no local. Duas pessoas, um homem de 30 anos e um jovem de 19, todos de Leopoldina, foram presos na a\u00e7\u00e3o.<\/p>\n<p>A opera\u00e7\u00e3o foi montada pelos policiais da 3\u00aa Delegacia Regional de Pol\u00edcia Civil ap\u00f3s uma den\u00fancia an\u00f4nima informando que um ve\u00edculo VW\/Gol, de cor verde, seguia sentido Leopoldina com um carregamento de drogas.<\/p>\n<p>Segundo o Delegado Dr. Rafael Sporck, que comandou a a\u00e7\u00e3o policial juntamente com a Delegada Dra. Gisela Borges de Matos, j\u00e1 havia algumas informa\u00e7\u00f5es sobre esse transporte de drogas para comercializa\u00e7\u00e3o em Leopoldina. Sporck comentou que os indiv\u00edduos tentaram fugir pelo acostamento no momento da abordagem, vindo a colidir o autom\u00f3vel com uma das tr\u00eas viaturas policiais que participavam da Opera\u00e7\u00e3o. Eles foram presos em flagrante e a droga apreendida.<\/p>\n<p>&nbsp;<\/p>\n<p>Fonte: O Vigilante Online<\/p>\n","protected":false},"excerpt":{"rendered":"<p>A Pol\u00edcia Civil(PC) apreendeu cerca de um quilo de maconha, al\u00e9m de por\u00e7\u00f5es de crack e coca\u00edna no final da manh\u00e3 dessa quarta-feira, 7, na rodovia BR-120, em Leopoldina (a cerca de 97 Km de JF), pr\u00f3ximo ao primeiro radar eletr\u00f4nico, nas imedia\u00e7\u00f5es da subesta\u00e7\u00e3o de energia el\u00e9trica existente no local. Duas pessoas, um homem [&hellip;]<\/p>\n","protected":false},"author":96,"featured_media":91544,"comment_status":"closed","ping_status":"closed","sticky":false,"template":"","format":"standard","meta":{"footnotes":""},"categories":[252],"tags":[],"class_list":["post-91545","post","type-post","status-publish","format-standard","has-post-thumbnail","hentry","category-regiao"],"_links":{"self":[{"href":"https:\/\/diarioregionaldigital.com.br\/index.php?rest_route=\/wp\/v2\/posts\/91545","targetHints":{"allow":["GET"]}}],"collection":[{"href":"https:\/\/diarioregionaldigital.com.br\/index.php?rest_route=\/wp\/v2\/posts"}],"about":[{"href":"https:\/\/diarioregionaldigital.com.br\/index.php?rest_route=\/wp\/v2\/types\/post"}],"author":[{"embeddable":true,"href":"https:\/\/diarioregionaldigital.com.br\/index.php?rest_route=\/wp\/v2\/users\/96"}],"replies":[{"embeddable":true,"href":"https:\/\/diarioregionaldigital.com.br\/index.php?rest_route=%2Fwp%2Fv2%2Fcomments&post=91545"}],"version-history":[{"count":0,"href":"https:\/\/diarioregionaldigital.com.br\/index.php?rest_route=\/wp\/v2\/posts\/91545\/revisions"}],"wp:featuredmedia":[{"embeddable":true,"href":"https:\/\/diarioregionaldigital.com.br\/index.php?rest_route=\/wp\/v2\/media\/91544"}],"wp:attachment":[{"href":"https:\/\/diarioregionaldigital.com.br\/index.php?rest_route=%2Fwp%2Fv2%2Fmedia&parent=91545"}],"wp:term":[{"taxonomy":"category","embeddable":true,"href":"https:\/\/diarioregionaldigital.com.br\/index.php?rest_route=%2Fwp%2Fv2%2Fcategories&post=91545"},{"taxonomy":"post_tag","embeddable":true,"href":"https:\/\/diarioregionaldigital.com.br\/index.php?rest_route=%2Fwp%2Fv2%2Ftags&post=91545"}],"curies":[{"name":"wp","href":"https:\/\/api.w.org\/{rel}","templated":true}]}}