{"id":91543,"date":"2018-02-08T19:20:12","date_gmt":"2018-02-08T21:20:12","guid":{"rendered":"http:\/\/diarioregionaljf.com.br\/2018\/02\/08\/corpo-de-homem-e-encontrado-por-populares-no-rio-paraibuna\/"},"modified":"2018-02-08T19:20:12","modified_gmt":"2018-02-08T21:20:12","slug":"corpo-de-homem-e-encontrado-por-populares-no-rio-paraibuna","status":"publish","type":"post","link":"https:\/\/diarioregionaldigital.com.br\/?p=91543","title":{"rendered":"Corpo de homem \u00e9 encontrado por populares no Rio Paraibuna"},"content":{"rendered":"<p><strong>Atualiza\u00e7\u00e3o \u00e0s 18h20 &#8211; 08 de fevereiro de 2018&nbsp;<\/strong><\/p>\n<p>O corpo de um homem de 53 anos foi encontrado no Rio Paraibuna, pr\u00f3ximo a sede da Empresa Municipal de Pavimenta\u00e7\u00e3o e Urbaniza\u00e7\u00e3o (Empav), no bairro de Lourdes, regi\u00e3o Sudeste, na tarde desta quinta-feira, 8.<\/p>\n<p>Conforme informa\u00e7\u00f5es da Pol\u00edcia Militar (PM), o cad\u00e1ver foi visto de bru\u00e7os por populares por volta de 15h30 dessa quinta e a corpora\u00e7\u00e3o foi acionada em seguida. O Corpo de Bombeiros foram ao local e foi respons\u00e1vel por retirar o corpo do rio.<\/p>\n<p>Ap\u00f3s o procedimento, os militares constataram que a v\u00edtima era um homem negro e vestia camisa amarela e bermuda azul. Os bombeiros tamb\u00e9m encontraram uma carteira com documentos pessoais no bolso da v\u00edtima.<\/p>\n<p>A per\u00edcia da Pol\u00edcia Civil tamb\u00e9m foi acionada e o profissional afirmou que n\u00e3o havia ferimento aparente na v\u00edtima e que apenas a necropsia poder\u00e1 confirmar a causa da morte e o tempo que o cad\u00e1ver estava dentro da \u00e1gua.<\/p>\n<p>O corpo foi encaminhado ao Instituto M\u00e9dico Legal (IML).<\/p>\n","protected":false},"excerpt":{"rendered":"<p>Atualiza\u00e7\u00e3o \u00e0s 18h20 &#8211; 08 de fevereiro de 2018&nbsp; O corpo de um homem de 53 anos foi encontrado no Rio Paraibuna, pr\u00f3ximo a sede da Empresa Municipal de Pavimenta\u00e7\u00e3o e Urbaniza\u00e7\u00e3o (Empav), no bairro de Lourdes, regi\u00e3o Sudeste, na tarde desta quinta-feira, 8. Conforme informa\u00e7\u00f5es da Pol\u00edcia Militar (PM), o cad\u00e1ver foi visto de [&hellip;]<\/p>\n","protected":false},"author":96,"featured_media":91542,"comment_status":"closed","ping_status":"closed","sticky":false,"template":"","format":"standard","meta":{"footnotes":""},"categories":[253],"tags":[],"class_list":["post-91543","post","type-post","status-publish","format-standard","has-post-thumbnail","hentry","category-cidade"],"_links":{"self":[{"href":"https:\/\/diarioregionaldigital.com.br\/index.php?rest_route=\/wp\/v2\/posts\/91543","targetHints":{"allow":["GET"]}}],"collection":[{"href":"https:\/\/diarioregionaldigital.com.br\/index.php?rest_route=\/wp\/v2\/posts"}],"about":[{"href":"https:\/\/diarioregionaldigital.com.br\/index.php?rest_route=\/wp\/v2\/types\/post"}],"author":[{"embeddable":true,"href":"https:\/\/diarioregionaldigital.com.br\/index.php?rest_route=\/wp\/v2\/users\/96"}],"replies":[{"embeddable":true,"href":"https:\/\/diarioregionaldigital.com.br\/index.php?rest_route=%2Fwp%2Fv2%2Fcomments&post=91543"}],"version-history":[{"count":0,"href":"https:\/\/diarioregionaldigital.com.br\/index.php?rest_route=\/wp\/v2\/posts\/91543\/revisions"}],"wp:featuredmedia":[{"embeddable":true,"href":"https:\/\/diarioregionaldigital.com.br\/index.php?rest_route=\/wp\/v2\/media\/91542"}],"wp:attachment":[{"href":"https:\/\/diarioregionaldigital.com.br\/index.php?rest_route=%2Fwp%2Fv2%2Fmedia&parent=91543"}],"wp:term":[{"taxonomy":"category","embeddable":true,"href":"https:\/\/diarioregionaldigital.com.br\/index.php?rest_route=%2Fwp%2Fv2%2Fcategories&post=91543"},{"taxonomy":"post_tag","embeddable":true,"href":"https:\/\/diarioregionaldigital.com.br\/index.php?rest_route=%2Fwp%2Fv2%2Ftags&post=91543"}],"curies":[{"name":"wp","href":"https:\/\/api.w.org\/{rel}","templated":true}]}}