{"id":91541,"date":"2018-02-08T19:00:08","date_gmt":"2018-02-08T21:00:08","guid":{"rendered":"http:\/\/diarioregionaljf.com.br\/2018\/02\/08\/pm-apreende-drogas-e-prende-suspeito-de-trafico-em-muriae\/"},"modified":"2018-02-08T19:00:08","modified_gmt":"2018-02-08T21:00:08","slug":"pm-apreende-drogas-e-prende-suspeito-de-trafico-em-muriae","status":"publish","type":"post","link":"https:\/\/diarioregionaldigital.com.br\/?p=91541","title":{"rendered":"PM apreende drogas e prende suspeito de tr\u00e1fico em Muria\u00e9"},"content":{"rendered":"<p>Um jovem foi preso na manh\u00e3 desta quinta-feira, 8, no bairro Safira, em Muria\u00e9 (a cerca de 158 Km de Juiz de Fora) por suspeita de tr\u00e1fico de drogas durante um cumprimento de mandado de busca e apreens\u00e3o. Na mesma a\u00e7\u00e3o, a Pol\u00edcia Militar (PM) apreendeu drogas e dinheiro.<br \/>De acordo com o Tenente Mello, comandante do T\u00e1tico M\u00f3vel em Muria\u00e9, h\u00e1 v\u00e1rios dias a PM havia recebido den\u00fancia de que um im\u00f3vel do bairro estaria sendo usado para o tr\u00e1fico de drogas.<\/p>\n<p>O oficial explicou que a Pol\u00edcia conseguiu um mandado de busca e apreens\u00e3o para o local junto a Justi\u00e7a e o cumpriu na manh\u00e3 de hoje, 8.<\/p>\n<p>O militar relatou que, quando cercaram o im\u00f3vel, o suspeito, que estava no interior da casa, arremessou uma sacola pelos fundos. Rapidamente os policiais invadiram a resid\u00eancia e fizeram a abordagem do mesmo.<\/p>\n<p>Os militares resgataram a sacola que o jovem havia dispensado e dentro dela encontraram 10 papelotes de maconha e 14 de coca\u00edna.<\/p>\n<p>Durante revista pelo im\u00f3vel, os policiais encontraram e apreenderam aproximadamente R$500 em dinheiro, balan\u00e7a de precis\u00e3o e material usado para embalar droga.<\/p>\n<p>O suspeito foi preso em flagrante e levado para a Delegacia de Pol\u00edcia Civil no bairro Safira, junto com o material apreendido.<\/p>\n<p>&nbsp;<\/p>\n<p>Fonte: R\u00e1dio Muria\u00e9<\/p>\n","protected":false},"excerpt":{"rendered":"<p>Um jovem foi preso na manh\u00e3 desta quinta-feira, 8, no bairro Safira, em Muria\u00e9 (a cerca de 158 Km de Juiz de Fora) por suspeita de tr\u00e1fico de drogas durante um cumprimento de mandado de busca e apreens\u00e3o. Na mesma a\u00e7\u00e3o, a Pol\u00edcia Militar (PM) apreendeu drogas e dinheiro.De acordo com o Tenente Mello, comandante [&hellip;]<\/p>\n","protected":false},"author":96,"featured_media":91540,"comment_status":"closed","ping_status":"closed","sticky":false,"template":"","format":"standard","meta":{"footnotes":""},"categories":[252],"tags":[],"class_list":["post-91541","post","type-post","status-publish","format-standard","has-post-thumbnail","hentry","category-regiao"],"_links":{"self":[{"href":"https:\/\/diarioregionaldigital.com.br\/index.php?rest_route=\/wp\/v2\/posts\/91541","targetHints":{"allow":["GET"]}}],"collection":[{"href":"https:\/\/diarioregionaldigital.com.br\/index.php?rest_route=\/wp\/v2\/posts"}],"about":[{"href":"https:\/\/diarioregionaldigital.com.br\/index.php?rest_route=\/wp\/v2\/types\/post"}],"author":[{"embeddable":true,"href":"https:\/\/diarioregionaldigital.com.br\/index.php?rest_route=\/wp\/v2\/users\/96"}],"replies":[{"embeddable":true,"href":"https:\/\/diarioregionaldigital.com.br\/index.php?rest_route=%2Fwp%2Fv2%2Fcomments&post=91541"}],"version-history":[{"count":0,"href":"https:\/\/diarioregionaldigital.com.br\/index.php?rest_route=\/wp\/v2\/posts\/91541\/revisions"}],"wp:featuredmedia":[{"embeddable":true,"href":"https:\/\/diarioregionaldigital.com.br\/index.php?rest_route=\/wp\/v2\/media\/91540"}],"wp:attachment":[{"href":"https:\/\/diarioregionaldigital.com.br\/index.php?rest_route=%2Fwp%2Fv2%2Fmedia&parent=91541"}],"wp:term":[{"taxonomy":"category","embeddable":true,"href":"https:\/\/diarioregionaldigital.com.br\/index.php?rest_route=%2Fwp%2Fv2%2Fcategories&post=91541"},{"taxonomy":"post_tag","embeddable":true,"href":"https:\/\/diarioregionaldigital.com.br\/index.php?rest_route=%2Fwp%2Fv2%2Ftags&post=91541"}],"curies":[{"name":"wp","href":"https:\/\/api.w.org\/{rel}","templated":true}]}}