{"id":91539,"date":"2018-02-08T18:49:39","date_gmt":"2018-02-08T20:49:39","guid":{"rendered":"http:\/\/diarioregionaljf.com.br\/2018\/02\/08\/pc-captura-suspeitos-de-participacao-em-homicidio-ocorrido-no-fim-de-janeiro-em-miradouro\/"},"modified":"2018-02-08T18:49:39","modified_gmt":"2018-02-08T20:49:39","slug":"pc-captura-suspeitos-de-participacao-em-homicidio-ocorrido-no-fim-de-janeiro-em-miradouro","status":"publish","type":"post","link":"https:\/\/diarioregionaldigital.com.br\/?p=91539","title":{"rendered":"PC captura suspeitos de participa\u00e7\u00e3o em homic\u00eddio ocorrido no fim de janeiro em Miradouro"},"content":{"rendered":"<p>Tr\u00eas homens &#8211; de 19, 26 e 44 anos &#8211; suspeitos de envolvimento no assassinato de um jovem de 18 anos, ocorrido no dia 25 de janeiro em Miradouro (a cerca de 190 Km de Juiz de Fora), foram presos pela Pol\u00edcia Civil (PC), nessa quarta-feira, 7, durante uma opera\u00e7\u00e3o batizada de \u201cContum\u00e1cia\u201d. Foram cumpridos mandados judiciais de pris\u00e3o e de busca e apreens\u00e3o, e segundo a PC, em dos endere\u00e7os vistoriados drogas foram encontradas e um adolescente de 15 anos apreendido, suspeito de liga\u00e7\u00e3o com o tr\u00e1fico de entorpecentes.<\/p>\n<p>O titular da delegacia de Miradouro, Tayrony Esp\u00edndola, que tamb\u00e9m coordena a Ag\u00eancia de Intelig\u00eancia da Delegacia Regional, sediada em Muria\u00e9, informou que outros tr\u00eas suspeitos pelo crime s\u00e3o considerados foragidos, entre eles, um jovem apontado como l\u00edder do bando e que, conforme a Pol\u00edcia Civil, efetuou, juntamente com um menor de 15 anos, os disparos que mataram a v\u00edtima e, no mesmo atentado, feriram outras duas pessoas que estavam com ela.<\/p>\n<p>O delegado disse tamb\u00e9m que as investiga\u00e7\u00f5es mostram que o suposto l\u00edder do grupo e outros suspeitos do homic\u00eddio assaltaram um casal que foi perseguido na BR-116, no dia 23 de dezembro de 2017, e teve a motocicleta e pertences roubados.<\/p>\n<p>Segundo ele, ambos os crimes est\u00e3o totalmente esclarecidos e os jovens apontados como autores nos dois casos h\u00e1 muito s\u00e3o conhecidos das autoridades devido \u00e0 pr\u00e1ticas il\u00edcitas cometidas ainda durante a adolesc\u00eancia.<\/p>\n<p>Esp\u00edndola afirmou ainda que a Pol\u00edcia Civil n\u00e3o vai permitir a sequ\u00eancia de qualquer conduta violenta na comarca de Miradouro e disse acreditar que os demais investigados ser\u00e3o capturados muito em breve.<\/p>\n<p>&nbsp;<\/p>\n<p>Fonte: R\u00e1dio Muria\u00e9<\/p>\n","protected":false},"excerpt":{"rendered":"<p>Tr\u00eas homens &#8211; de 19, 26 e 44 anos &#8211; suspeitos de envolvimento no assassinato de um jovem de 18 anos, ocorrido no dia 25 de janeiro em Miradouro (a cerca de 190 Km de Juiz de Fora), foram presos pela Pol\u00edcia Civil (PC), nessa quarta-feira, 7, durante uma opera\u00e7\u00e3o batizada de \u201cContum\u00e1cia\u201d. Foram cumpridos [&hellip;]<\/p>\n","protected":false},"author":96,"featured_media":91538,"comment_status":"closed","ping_status":"closed","sticky":false,"template":"","format":"standard","meta":{"footnotes":""},"categories":[252],"tags":[],"class_list":["post-91539","post","type-post","status-publish","format-standard","has-post-thumbnail","hentry","category-regiao"],"_links":{"self":[{"href":"https:\/\/diarioregionaldigital.com.br\/index.php?rest_route=\/wp\/v2\/posts\/91539","targetHints":{"allow":["GET"]}}],"collection":[{"href":"https:\/\/diarioregionaldigital.com.br\/index.php?rest_route=\/wp\/v2\/posts"}],"about":[{"href":"https:\/\/diarioregionaldigital.com.br\/index.php?rest_route=\/wp\/v2\/types\/post"}],"author":[{"embeddable":true,"href":"https:\/\/diarioregionaldigital.com.br\/index.php?rest_route=\/wp\/v2\/users\/96"}],"replies":[{"embeddable":true,"href":"https:\/\/diarioregionaldigital.com.br\/index.php?rest_route=%2Fwp%2Fv2%2Fcomments&post=91539"}],"version-history":[{"count":0,"href":"https:\/\/diarioregionaldigital.com.br\/index.php?rest_route=\/wp\/v2\/posts\/91539\/revisions"}],"wp:featuredmedia":[{"embeddable":true,"href":"https:\/\/diarioregionaldigital.com.br\/index.php?rest_route=\/wp\/v2\/media\/91538"}],"wp:attachment":[{"href":"https:\/\/diarioregionaldigital.com.br\/index.php?rest_route=%2Fwp%2Fv2%2Fmedia&parent=91539"}],"wp:term":[{"taxonomy":"category","embeddable":true,"href":"https:\/\/diarioregionaldigital.com.br\/index.php?rest_route=%2Fwp%2Fv2%2Fcategories&post=91539"},{"taxonomy":"post_tag","embeddable":true,"href":"https:\/\/diarioregionaldigital.com.br\/index.php?rest_route=%2Fwp%2Fv2%2Ftags&post=91539"}],"curies":[{"name":"wp","href":"https:\/\/api.w.org\/{rel}","templated":true}]}}