{"id":91537,"date":"2018-02-08T18:20:30","date_gmt":"2018-02-08T20:20:30","guid":{"rendered":"http:\/\/diarioregionaljf.com.br\/2018\/02\/08\/sancionado-projeto-de-lei-que-institui-o-disque-adocao-de-animais\/"},"modified":"2018-02-08T18:20:30","modified_gmt":"2018-02-08T20:20:30","slug":"sancionado-projeto-de-lei-que-institui-o-disque-adocao-de-animais","status":"publish","type":"post","link":"https:\/\/diarioregionaldigital.com.br\/?p=91537","title":{"rendered":"Sancionado projeto de lei que institui o disque ado\u00e7\u00e3o de animais"},"content":{"rendered":"<p>O projeto de lei que prop\u00f5e a cria\u00e7\u00e3o do disque ado\u00e7\u00e3o de animais pertencentes ao canil e gatil do munic\u00edpio de Juiz de Fora, de autoria do vereador Marlon Siqueira (MDB), foi sancionado nessa quinta-feira, 8, pelo Executivo. O prefeito Bruno Siqueira assinou a Lei que ir\u00e1 instituir uma nova ferramenta de aproxima\u00e7\u00e3o para o cidad\u00e3o que tenha vontade de adotar um animal.<\/p>\n<p>Segundo a justificativa apresentada pelo proponente, esta Lei tem por objetivo criar condi\u00e7\u00f5es para conscientiza\u00e7\u00e3o e a\u00e7\u00e3o conjunta da popula\u00e7\u00e3o juiz-forana e do Poder P\u00fablico, estimulando \u00e0 ado\u00e7\u00e3o de animais com a implementa\u00e7\u00e3o do Disque Ado\u00e7\u00e3o de Animais. Baseado no fato de que muitas pessoas que possuem animais de estima\u00e7\u00e3o os consideram como membros da fam\u00edlia, oferecendo-lhes muito carinho, aten\u00e7\u00e3o e o devido respeito que merecem, proporcionando-lhes uma vida digna e confort\u00e1vel.<\/p>\n<p>De acordo com a publica\u00e7\u00e3o do Executivo, o disque ado\u00e7\u00e3o de animais funcionar\u00e1 em local designado e na forma a ser regulamentada pelo Poder Executivo. Tendo uma linha telef\u00f4nica a ser destinada para receber as solicita\u00e7\u00f5es de que trata esta lei podendo ser utilizada em conjunto com outra linha preexistente, sem preju\u00edzo da utiliza\u00e7\u00e3o de outros canais diretos com o cidad\u00e3o disponibilizado pelo Poder Executivo.<\/p>\n<p>Ainda conforme a publica\u00e7\u00e3o, para propor a ado\u00e7\u00e3o de um animal, a pessoa precisar\u00e1 comprovar os requisitos necess\u00e1rios, estabelecidos pelo \u00f3rg\u00e3o municipal competente, e preencher formul\u00e1rios e termos espec\u00edficos.<\/p>\n<p>Fonte: Assessoria<\/p>\n","protected":false},"excerpt":{"rendered":"<p>O projeto de lei que prop\u00f5e a cria\u00e7\u00e3o do disque ado\u00e7\u00e3o de animais pertencentes ao canil e gatil do munic\u00edpio de Juiz de Fora, de autoria do vereador Marlon Siqueira (MDB), foi sancionado nessa quinta-feira, 8, pelo Executivo. O prefeito Bruno Siqueira assinou a Lei que ir\u00e1 instituir uma nova ferramenta de aproxima\u00e7\u00e3o para o [&hellip;]<\/p>\n","protected":false},"author":96,"featured_media":91536,"comment_status":"closed","ping_status":"closed","sticky":false,"template":"","format":"standard","meta":{"footnotes":""},"categories":[254],"tags":[],"class_list":["post-91537","post","type-post","status-publish","format-standard","has-post-thumbnail","hentry","category-politica"],"_links":{"self":[{"href":"https:\/\/diarioregionaldigital.com.br\/index.php?rest_route=\/wp\/v2\/posts\/91537","targetHints":{"allow":["GET"]}}],"collection":[{"href":"https:\/\/diarioregionaldigital.com.br\/index.php?rest_route=\/wp\/v2\/posts"}],"about":[{"href":"https:\/\/diarioregionaldigital.com.br\/index.php?rest_route=\/wp\/v2\/types\/post"}],"author":[{"embeddable":true,"href":"https:\/\/diarioregionaldigital.com.br\/index.php?rest_route=\/wp\/v2\/users\/96"}],"replies":[{"embeddable":true,"href":"https:\/\/diarioregionaldigital.com.br\/index.php?rest_route=%2Fwp%2Fv2%2Fcomments&post=91537"}],"version-history":[{"count":0,"href":"https:\/\/diarioregionaldigital.com.br\/index.php?rest_route=\/wp\/v2\/posts\/91537\/revisions"}],"wp:featuredmedia":[{"embeddable":true,"href":"https:\/\/diarioregionaldigital.com.br\/index.php?rest_route=\/wp\/v2\/media\/91536"}],"wp:attachment":[{"href":"https:\/\/diarioregionaldigital.com.br\/index.php?rest_route=%2Fwp%2Fv2%2Fmedia&parent=91537"}],"wp:term":[{"taxonomy":"category","embeddable":true,"href":"https:\/\/diarioregionaldigital.com.br\/index.php?rest_route=%2Fwp%2Fv2%2Fcategories&post=91537"},{"taxonomy":"post_tag","embeddable":true,"href":"https:\/\/diarioregionaldigital.com.br\/index.php?rest_route=%2Fwp%2Fv2%2Ftags&post=91537"}],"curies":[{"name":"wp","href":"https:\/\/api.w.org\/{rel}","templated":true}]}}