{"id":91535,"date":"2018-02-08T18:02:40","date_gmt":"2018-02-08T20:02:40","guid":{"rendered":"http:\/\/diarioregionaljf.com.br\/2018\/02\/08\/justica-eleitoral-quer-permitir-auditoria-nas-urnas-no-dia-da-votacao\/"},"modified":"2018-02-08T18:02:40","modified_gmt":"2018-02-08T20:02:40","slug":"justica-eleitoral-quer-permitir-auditoria-nas-urnas-no-dia-da-votacao","status":"publish","type":"post","link":"https:\/\/diarioregionaldigital.com.br\/?p=91535","title":{"rendered":"Justi\u00e7a Eleitoral quer permitir auditoria nas urnas no dia da vota\u00e7\u00e3o"},"content":{"rendered":"<p>Para aumentar a confian\u00e7a da sociedade na seguran\u00e7a das urnas eletr\u00f4nicas, a Justi\u00e7a Eleitoral deve permitir uma nova auditoria nas m\u00e1quinas, al\u00e9m das que j\u00e1 existem. A ideia \u00e9 auditar as urnas antes do in\u00edcio da vota\u00e7\u00e3o, no mesmo dia do pleito.<\/p>\n<p>Representantes de partidos pol\u00edticos e de integrantes da sociedade civil \u2013 que questionam a seguran\u00e7a das urnas \u2013 v\u00e3o escolher zonas eleitorais para, no dia da vota\u00e7\u00e3o, verificar se as urnas est\u00e3o \u00edntegras e se n\u00e3o foram violadas.<\/p>\n<p>O secret\u00e1rio de Tecnologia da Informa\u00e7\u00e3o do Tribunal Superio Eleitoral (TSE), Giuseppe Janino, ressaltou que a medida vai aumentar a transpar\u00eancia do processo. \u201cVai ser poss\u00edvel agora, algumas horas antes da elei\u00e7\u00e3o, abrir a urna e verificar se os d\u00edgitos verificadores est\u00e3o iguais aos que publicamos na internet. \u00c9 uma forma de o cidad\u00e3o normal verificar todos os programas que est\u00e3o inseridos na urna\u201d, explicou.<\/p>\n<p>Segundo o respons\u00e1vel pela tecnologia da informa\u00e7\u00e3o do tribunal, a pr\u00f3pria urna j\u00e1 verifica sozinha se as informa\u00e7\u00f5es est\u00e3o \u00edntegras e, caso n\u00e3o estejam, ela deixa de funcionar automaticamente. A diferen\u00e7a \u00e9 que agora membros da sociedade e dos partidos poder\u00e3o verificar pessoalmente a inviolabilidade das urnas. A ideia \u00e9 que se fa\u00e7a uma verifica\u00e7\u00e3o por amostragem.<\/p>\n<p>O presidente do TSE, ministro Luiz Fux, informou, nessa quinta-feira, 8, que at\u00e9 o dia 5 de mar\u00e7o o tribunal vai publicar a resolu\u00e7\u00e3o para regulamentar a nova auditoria. O objetivo \u00e9 reduzir a resist\u00eancia de grupos cr\u00edticos ao sistema de vota\u00e7\u00e3o brasileiro.<\/p>\n<p>At\u00e9 a \u00faltima elei\u00e7\u00e3o, o TSE realiza uma auditoria paralela, tamb\u00e9m por amostragem, com simula\u00e7\u00e3o do voto para verificar se os candidatos inscritos est\u00e3o corretos. Nesta auditoria, a urna n\u00e3o \u00e9 usada para vota\u00e7\u00e3o e a verifica\u00e7\u00e3o ocorre fora das se\u00e7\u00f5es eleitorais.<\/p>\n<h4>&nbsp;<\/h4>\n<h4>FAKE NEWS<\/h4>\n<p>O ministro Luiz Fux tomou posse na presid\u00eancia do TSE nesta semana e disse que uma das prioridades ser\u00e1 o combate \u00e0s not\u00edcias falsas, as chamadas fake news (not\u00edcias falsas). Criado pelo ministro Gilmar Mendes, o conselho consultivo da internet recebeu novos integrantes na gest\u00e3o de Luiz Fux.<\/p>\n<p>A Pol\u00edcia Federal e o Minist\u00e9rio Publico passaram a integrar o grupo, que contava com membros do Ex\u00e9rcito, da Funda\u00e7\u00e3o Get\u00falio Vargas, empresas de m\u00eddias sociais e outros \u00f3rg\u00e3os do governo.<\/p>\n<p>Segundo o ministro Luiz Fux, o conselho vai atuar dentro do TSE e a imprensa tradicional ajudar\u00e1 na identifica\u00e7\u00e3o das not\u00edcias falsas. \u201cA imprensa ser\u00e1 nossa fonte prim\u00e1ria de aferi\u00e7\u00e3o da verossimilhan\u00e7a daquilo que est\u00e1 sendo noticiado\u201d, frisou o presidente do TSE.<\/p>\n<h4>&nbsp;<\/h4>\n<h4>LEI DA FICHA LIMPA<\/h4>\n<p>Fux ainda defendeu que condenados em 2\u00aa inst\u00e2ncia n\u00e3o podem participar das elei\u00e7\u00f5es, sob pena de se negar a efic\u00e1cia da Lei da Ficha Limpa. Por\u00e9m, caso o candidato consiga uma liminar da Justi\u00e7a para concorrer, o ministro acredita que, neste caso, o Plen\u00e1rio do TSE ter\u00e1 que se manifestar sobre a liminar que permitiu a candidatura de determinado pol\u00edtico.<\/p>\n<p>Fonte: Ag\u00eancia Brasil<\/p>\n","protected":false},"excerpt":{"rendered":"<p>Para aumentar a confian\u00e7a da sociedade na seguran\u00e7a das urnas eletr\u00f4nicas, a Justi\u00e7a Eleitoral deve permitir uma nova auditoria nas m\u00e1quinas, al\u00e9m das que j\u00e1 existem. A ideia \u00e9 auditar as urnas antes do in\u00edcio da vota\u00e7\u00e3o, no mesmo dia do pleito. Representantes de partidos pol\u00edticos e de integrantes da sociedade civil \u2013 que questionam [&hellip;]<\/p>\n","protected":false},"author":96,"featured_media":91534,"comment_status":"closed","ping_status":"closed","sticky":false,"template":"","format":"standard","meta":{"footnotes":""},"categories":[254],"tags":[],"class_list":["post-91535","post","type-post","status-publish","format-standard","has-post-thumbnail","hentry","category-politica"],"_links":{"self":[{"href":"https:\/\/diarioregionaldigital.com.br\/index.php?rest_route=\/wp\/v2\/posts\/91535","targetHints":{"allow":["GET"]}}],"collection":[{"href":"https:\/\/diarioregionaldigital.com.br\/index.php?rest_route=\/wp\/v2\/posts"}],"about":[{"href":"https:\/\/diarioregionaldigital.com.br\/index.php?rest_route=\/wp\/v2\/types\/post"}],"author":[{"embeddable":true,"href":"https:\/\/diarioregionaldigital.com.br\/index.php?rest_route=\/wp\/v2\/users\/96"}],"replies":[{"embeddable":true,"href":"https:\/\/diarioregionaldigital.com.br\/index.php?rest_route=%2Fwp%2Fv2%2Fcomments&post=91535"}],"version-history":[{"count":0,"href":"https:\/\/diarioregionaldigital.com.br\/index.php?rest_route=\/wp\/v2\/posts\/91535\/revisions"}],"wp:featuredmedia":[{"embeddable":true,"href":"https:\/\/diarioregionaldigital.com.br\/index.php?rest_route=\/wp\/v2\/media\/91534"}],"wp:attachment":[{"href":"https:\/\/diarioregionaldigital.com.br\/index.php?rest_route=%2Fwp%2Fv2%2Fmedia&parent=91535"}],"wp:term":[{"taxonomy":"category","embeddable":true,"href":"https:\/\/diarioregionaldigital.com.br\/index.php?rest_route=%2Fwp%2Fv2%2Fcategories&post=91535"},{"taxonomy":"post_tag","embeddable":true,"href":"https:\/\/diarioregionaldigital.com.br\/index.php?rest_route=%2Fwp%2Fv2%2Ftags&post=91535"}],"curies":[{"name":"wp","href":"https:\/\/api.w.org\/{rel}","templated":true}]}}