{"id":91533,"date":"2018-02-08T18:02:26","date_gmt":"2018-02-08T20:02:26","guid":{"rendered":"http:\/\/diarioregionaljf.com.br\/2018\/02\/08\/painel-de-monitoramento-do-sine-mostra-saldo-positivo-de-postos-de-trabalho-em-minas\/"},"modified":"2018-02-08T18:02:26","modified_gmt":"2018-02-08T20:02:26","slug":"painel-de-monitoramento-do-sine-mostra-saldo-positivo-de-postos-de-trabalho-em-minas","status":"publish","type":"post","link":"https:\/\/diarioregionaldigital.com.br\/?p=91533","title":{"rendered":"Painel de Monitoramento do Sine mostra saldo positivo de postos de trabalho em Minas"},"content":{"rendered":"<p>Em 2017 as unidades do Sistema Nacional de Emprego (Sine) em Minas Gerais captaram 54.460 novas vagas de emprego, o que representou um saldo positivo de 2.033 vagas em rela\u00e7\u00e3o a 2016. Foi tamb\u00e9m registrado um crescimento de 25% no n\u00famero de trabalhadores colocados no mercado de trabalho. O mercado formal contratou, por meio do Sine, 36.126 trabalhadores em 2017 e 27.157 em 2016. Os dados s\u00e3o do <a href=\"http:\/\/www.social.mg.gov.br\/servidor\/painel-de-monitoramento-do-desempenho-do-sine-mg\" target=\"_blank\" rel=\"noopener noreferrer\">Painel de Monitoramento do Desempenho do Sin<\/a>e, boletim mensal publicado pela Secretaria de Estado de Trabalho e Desenvolvimento Social (Sedese).<\/p>\n<p>\u201cEsse cen\u00e1rio finalmente \u00e9 positivo, depois de tr\u00eas anos consecutivos de saldo negativo, pois tivemos 230 mil postos fechados em 2015 e 123 mil postos a menos em 2016. A Sedese aproveita essa onda de recupera\u00e7\u00e3o e, este ano, se empenhar\u00e1 ainda mais para oferecer servi\u00e7os de qualidade para o trabalhador, com intelig\u00eancia, por meio do Busca Ativa de Vagas e das capacita\u00e7\u00f5es dos atendentes\u201d, afirma o diretor de Atendimento ao Trabalhador da Sedese, Marcel de Souza.<\/p>\n<p>O Painel mostra tamb\u00e9m que, em termos de atendimento, as unidades do Sine em Minas registraram o mesmo volume do ano anterior, mantendo a s\u00e9rie hist\u00f3rica que gira em torno de dois milh\u00f5es de atendimentos por ano.<\/p>\n<p>Houve um decr\u00e9scimo no n\u00famero de demitidos em rela\u00e7\u00e3o a 2016. Ainda assim, o volume de segurados manteve-se equivalente, o que pode ser explicado pela rotatividade natural do mercado de trabalho.<\/p>\n<p>\u201cNossa expectativa \u00e9 que o mercado continue se recuperando e que os impactos da crise diminuam em 2018. Considerando esse cen\u00e1rio, nosso objetivo \u00e9 obter ainda mais efici\u00eancia na presta\u00e7\u00e3o de servi\u00e7o para o trabalhador\u201d, avalia o diretor.<\/p>\n<p>Os dados de dezembro de 2017 ainda est\u00e3o incompletos porque o Minist\u00e9rio do Trabalho n\u00e3o forneceu todas as informa\u00e7\u00f5es.<\/p>\n<p>&nbsp;<\/p>\n<h4>ESTRAT\u00c9GIAS ESTADUAIS<\/h4>\n<p>Em Belo Horizonte, o Projeto Busca Ativa foi implantado em 2016 e atualmente funciona na UAI da Pra\u00e7a Sete, regi\u00e3o central da capital. Em 2017, gestores de 68 munic\u00edpios passaram por capacita\u00e7\u00e3o para levar o projeto \u00e0s suas cidades. De janeiro a outubro do ano passado houve amplia\u00e7\u00e3o da empregabilidade no Estado. O n\u00famero de colocados no mercado de trabalho saltou de 18.870 para 27.954.<\/p>\n<p>A Sedese tamb\u00e9m intensificou a capacita\u00e7\u00e3o de trabalhadores. Os cursos de Compet\u00eancias Profissionais e Sociais, destinados a trabalhadores em geral e a jovens em situa\u00e7\u00e3o de vulnerabilidade beneficiaram, somente no ano passado, 643 pessoas.<\/p>\n<p>Foram qualificadas a 91 profissionais diaristas pelas Centrais de Aut\u00f4nomos j\u00e1 implantadas no Estado, al\u00e9m da realiza\u00e7\u00e3o do treinamento para 89 multiplicadores, cuja fun\u00e7\u00e3o \u00e9 levar os servi\u00e7os para os respectivos munic\u00edpios.<\/p>\n<p>E por meio de contrato, 12 munic\u00edpios do interior mineiro foram beneficiados com turmas de qualifica\u00e7\u00e3o profissional, o que resultou na qualifica\u00e7\u00e3o de 380 trabalhadores em diversas \u00e1reas do conhecimento e habilidades. Essas a\u00e7\u00f5es abrangeram os 12 territ\u00f3rios de desenvolvimento de Minas Gerais.<\/p>\n<p>&nbsp;<\/p>\n<p>Fonte: Ag\u00eancia Minas<\/p>\n","protected":false},"excerpt":{"rendered":"<p>Em 2017 as unidades do Sistema Nacional de Emprego (Sine) em Minas Gerais captaram 54.460 novas vagas de emprego, o que representou um saldo positivo de 2.033 vagas em rela\u00e7\u00e3o a 2016. Foi tamb\u00e9m registrado um crescimento de 25% no n\u00famero de trabalhadores colocados no mercado de trabalho. O mercado formal contratou, por meio do [&hellip;]<\/p>\n","protected":false},"author":96,"featured_media":91532,"comment_status":"closed","ping_status":"closed","sticky":false,"template":"","format":"standard","meta":{"footnotes":""},"categories":[252],"tags":[],"class_list":["post-91533","post","type-post","status-publish","format-standard","has-post-thumbnail","hentry","category-regiao"],"_links":{"self":[{"href":"https:\/\/diarioregionaldigital.com.br\/index.php?rest_route=\/wp\/v2\/posts\/91533","targetHints":{"allow":["GET"]}}],"collection":[{"href":"https:\/\/diarioregionaldigital.com.br\/index.php?rest_route=\/wp\/v2\/posts"}],"about":[{"href":"https:\/\/diarioregionaldigital.com.br\/index.php?rest_route=\/wp\/v2\/types\/post"}],"author":[{"embeddable":true,"href":"https:\/\/diarioregionaldigital.com.br\/index.php?rest_route=\/wp\/v2\/users\/96"}],"replies":[{"embeddable":true,"href":"https:\/\/diarioregionaldigital.com.br\/index.php?rest_route=%2Fwp%2Fv2%2Fcomments&post=91533"}],"version-history":[{"count":0,"href":"https:\/\/diarioregionaldigital.com.br\/index.php?rest_route=\/wp\/v2\/posts\/91533\/revisions"}],"wp:featuredmedia":[{"embeddable":true,"href":"https:\/\/diarioregionaldigital.com.br\/index.php?rest_route=\/wp\/v2\/media\/91532"}],"wp:attachment":[{"href":"https:\/\/diarioregionaldigital.com.br\/index.php?rest_route=%2Fwp%2Fv2%2Fmedia&parent=91533"}],"wp:term":[{"taxonomy":"category","embeddable":true,"href":"https:\/\/diarioregionaldigital.com.br\/index.php?rest_route=%2Fwp%2Fv2%2Fcategories&post=91533"},{"taxonomy":"post_tag","embeddable":true,"href":"https:\/\/diarioregionaldigital.com.br\/index.php?rest_route=%2Fwp%2Fv2%2Ftags&post=91533"}],"curies":[{"name":"wp","href":"https:\/\/api.w.org\/{rel}","templated":true}]}}