{"id":91522,"date":"2018-02-08T17:34:56","date_gmt":"2018-02-08T19:34:56","guid":{"rendered":"http:\/\/diarioregionaljf.com.br\/2018\/02\/08\/confira-o-horario-de-funcionamento-do-comercio-juiz-forano-durante-o-carnaval\/"},"modified":"2018-02-08T17:34:56","modified_gmt":"2018-02-08T19:34:56","slug":"confira-o-horario-de-funcionamento-do-comercio-juiz-forano-durante-o-carnaval","status":"publish","type":"post","link":"https:\/\/diarioregionaldigital.com.br\/?p=91522","title":{"rendered":"Confira o hor\u00e1rio de funcionamento do com\u00e9rcio juiz-forano durante o Carnaval"},"content":{"rendered":"<p>O Sindicato do Com\u00e9rcio de Juiz de Fora (Sindicom\u00e9rcio-JF) divulgou nessa quinta-feira, 8, o hor\u00e1rio de funcionamento dos estabelecimentos durante o per\u00edodo de Carnaval.<\/p>\n<p>No s\u00e1bado, 10, as lojas v\u00e3o seguir o expediente normal, ou seja, poder\u00e3o funcionar de 8h \u00e0s 14h, obedecendo, em cada caso, a carga hor\u00e1ria do trabalhador. Na segunda-feira, 12, os estabelecimentos est\u00e3o autorizados a funcionar entre 8h e 14h. Na ter\u00e7a, 13, o com\u00e9rcio n\u00e3o funciona. O Sindicom\u00e9rcio-JF esclarece que n\u00e3o se trata de feriado nacional, mas sim de compensa\u00e7\u00e3o de horas. As atividades ser\u00e3o retomadas na quarta-feira, 14, ao meio-dia.<\/p>\n<p>De acordo com o Sindicato, esse funcionamento diferenciado est\u00e1 previsto no Acordo Coletivo das Condi\u00e7\u00f5es Especiais de Trabalho, que faz parte da Conven\u00e7\u00e3o Coletiva 2017\/2018. O Sindicom\u00e9rcio-JF tamb\u00e9m ressalta que as lojas localizadas em shoppings centers e os supermercados contam com hor\u00e1rios diferenciados.<\/p>\n<p>&nbsp;<\/p>\n<p>Da reda\u00e7\u00e3o\/Colabora\u00e7\u00e3o Assessoria<\/p>\n","protected":false},"excerpt":{"rendered":"<p>O Sindicato do Com\u00e9rcio de Juiz de Fora (Sindicom\u00e9rcio-JF) divulgou nessa quinta-feira, 8, o hor\u00e1rio de funcionamento dos estabelecimentos durante o per\u00edodo de Carnaval. No s\u00e1bado, 10, as lojas v\u00e3o seguir o expediente normal, ou seja, poder\u00e3o funcionar de 8h \u00e0s 14h, obedecendo, em cada caso, a carga hor\u00e1ria do trabalhador. Na segunda-feira, 12, os [&hellip;]<\/p>\n","protected":false},"author":96,"featured_media":91521,"comment_status":"closed","ping_status":"closed","sticky":false,"template":"","format":"standard","meta":{"footnotes":""},"categories":[253],"tags":[],"class_list":["post-91522","post","type-post","status-publish","format-standard","has-post-thumbnail","hentry","category-cidade"],"_links":{"self":[{"href":"https:\/\/diarioregionaldigital.com.br\/index.php?rest_route=\/wp\/v2\/posts\/91522","targetHints":{"allow":["GET"]}}],"collection":[{"href":"https:\/\/diarioregionaldigital.com.br\/index.php?rest_route=\/wp\/v2\/posts"}],"about":[{"href":"https:\/\/diarioregionaldigital.com.br\/index.php?rest_route=\/wp\/v2\/types\/post"}],"author":[{"embeddable":true,"href":"https:\/\/diarioregionaldigital.com.br\/index.php?rest_route=\/wp\/v2\/users\/96"}],"replies":[{"embeddable":true,"href":"https:\/\/diarioregionaldigital.com.br\/index.php?rest_route=%2Fwp%2Fv2%2Fcomments&post=91522"}],"version-history":[{"count":0,"href":"https:\/\/diarioregionaldigital.com.br\/index.php?rest_route=\/wp\/v2\/posts\/91522\/revisions"}],"wp:featuredmedia":[{"embeddable":true,"href":"https:\/\/diarioregionaldigital.com.br\/index.php?rest_route=\/wp\/v2\/media\/91521"}],"wp:attachment":[{"href":"https:\/\/diarioregionaldigital.com.br\/index.php?rest_route=%2Fwp%2Fv2%2Fmedia&parent=91522"}],"wp:term":[{"taxonomy":"category","embeddable":true,"href":"https:\/\/diarioregionaldigital.com.br\/index.php?rest_route=%2Fwp%2Fv2%2Fcategories&post=91522"},{"taxonomy":"post_tag","embeddable":true,"href":"https:\/\/diarioregionaldigital.com.br\/index.php?rest_route=%2Fwp%2Fv2%2Ftags&post=91522"}],"curies":[{"name":"wp","href":"https:\/\/api.w.org\/{rel}","templated":true}]}}