{"id":91520,"date":"2018-02-08T17:29:44","date_gmt":"2018-02-08T19:29:44","guid":{"rendered":"http:\/\/diarioregionaljf.com.br\/2018\/02\/08\/pf-investiga-desvio-de-recursos-destinados-a-vitimas-de-desastres-naturais\/"},"modified":"2018-02-08T17:29:44","modified_gmt":"2018-02-08T19:29:44","slug":"pf-investiga-desvio-de-recursos-destinados-a-vitimas-de-desastres-naturais","status":"publish","type":"post","link":"https:\/\/diarioregionaldigital.com.br\/?p=91520","title":{"rendered":"PF investiga desvio de recursos destinados a v\u00edtimas de desastres naturais"},"content":{"rendered":"<p>A Superintend\u00eancia da Pol\u00edcia Federal (PF) em Pernambuco deflagrou nessa quinta-feira, 8, uma opera\u00e7\u00e3o para apurar a suspeita de desvio de recursos p\u00fablicos federais destinados ao socorro de v\u00edtimas de desastres naturais no Maranh\u00e3o e em Pernambuco. Cerca de 80 policiais federais, com o apoio de servidores da Controladoria-Geral da Uni\u00e3o (CGU), participam da a\u00e7\u00e3o.<\/p>\n<p>Sete mandados de pris\u00e3o preventiva foram cumpridos, sendo quatro em Pernambuco (onde dois dos alvos j\u00e1 estavam detidos) e tr\u00eas no Maranh\u00e3o. Tamb\u00e9m foram executados mandados de busca e apreens\u00e3o em endere\u00e7os ligados aos investigados, que ter\u00e3o seus bens sequestrados por determina\u00e7\u00e3o judicial a fim de garantir o ressarcimento dos preju\u00edzos aos cofres p\u00fablicos.<\/p>\n<p>Apelidada de C\u00edrculo de Fogo, a opera\u00e7\u00e3o \u00e9 um desdobramento da Opera\u00e7\u00e3o Torrentes, desencadeada em novembro de 2017 para investigar as suspeitas iniciais de corrup\u00e7\u00e3o em projetos irregulares de reestrutura\u00e7\u00e3o de cidades da zona da Mata Sul pernambucana, atingida por enchentes em 2010 e 2017. Entre os investigados em Pernambuco est\u00e3o oficiais do Corpo de Bombeiros, empres\u00e1rios e outros servidores p\u00fablicos.<\/p>\n<p>No decorrer das investiga\u00e7\u00f5es, a PF encontrou ind\u00edcios de que a mesma pr\u00e1tica criminosa vinha sendo reproduzida no Maranh\u00e3o. Com a cumplicidade de oficiais do Corpo de Bombeiros maranhense, os participantes do esquema desviavam parte do dinheiro repassado pelo Minist\u00e9rio da Integra\u00e7\u00e3o Nacional para assist\u00eancia \u00e0 popula\u00e7\u00e3o atingida pela forte seca que atingiu o estado em 2013 e 2014.<\/p>\n<p>De acordo com a PF, empresas de fachada eram contratadas mediante o pagamento de propina a agentes p\u00fablicos. Ao investigar a atua\u00e7\u00e3o do grupo no Maranh\u00e3o, os investigadores constataram que empresas depositavam quantias em dinheiro nas contas banc\u00e1rias de oficiais do Corpo de Bombeiros, ap\u00f3s a corpora\u00e7\u00e3o pagar por servi\u00e7os irregulares. \u00c0s vezes, antes de chegar \u00e0s contas correntes dos oficiais militares, o repasse era intermediado por pessoas suspeitas de atuar como operadores do esquema.<\/p>\n<p>A PF calcula que os preju\u00edzos com o superfaturamento de contratos e do n\u00e3o fornecimento integral dos servi\u00e7os contratados podem totalizar um preju\u00edzo superior a R$ 10 milh\u00f5es aos cofres p\u00fablicos.<\/p>\n<p>At\u00e9 o momento, a reportagem n\u00e3o conseguiu contato com o Corpo de Bombeiros do Maranh\u00e3o e de Pernambuco.<\/p>\n<p>Fonte: Ag\u00eancia Brasil<\/p>\n","protected":false},"excerpt":{"rendered":"<p>A Superintend\u00eancia da Pol\u00edcia Federal (PF) em Pernambuco deflagrou nessa quinta-feira, 8, uma opera\u00e7\u00e3o para apurar a suspeita de desvio de recursos p\u00fablicos federais destinados ao socorro de v\u00edtimas de desastres naturais no Maranh\u00e3o e em Pernambuco. Cerca de 80 policiais federais, com o apoio de servidores da Controladoria-Geral da Uni\u00e3o (CGU), participam da a\u00e7\u00e3o. [&hellip;]<\/p>\n","protected":false},"author":96,"featured_media":91519,"comment_status":"closed","ping_status":"closed","sticky":false,"template":"","format":"standard","meta":{"footnotes":""},"categories":[302],"tags":[],"class_list":["post-91520","post","type-post","status-publish","format-standard","has-post-thumbnail","hentry","category-brasil-mundo"],"_links":{"self":[{"href":"https:\/\/diarioregionaldigital.com.br\/index.php?rest_route=\/wp\/v2\/posts\/91520","targetHints":{"allow":["GET"]}}],"collection":[{"href":"https:\/\/diarioregionaldigital.com.br\/index.php?rest_route=\/wp\/v2\/posts"}],"about":[{"href":"https:\/\/diarioregionaldigital.com.br\/index.php?rest_route=\/wp\/v2\/types\/post"}],"author":[{"embeddable":true,"href":"https:\/\/diarioregionaldigital.com.br\/index.php?rest_route=\/wp\/v2\/users\/96"}],"replies":[{"embeddable":true,"href":"https:\/\/diarioregionaldigital.com.br\/index.php?rest_route=%2Fwp%2Fv2%2Fcomments&post=91520"}],"version-history":[{"count":0,"href":"https:\/\/diarioregionaldigital.com.br\/index.php?rest_route=\/wp\/v2\/posts\/91520\/revisions"}],"wp:featuredmedia":[{"embeddable":true,"href":"https:\/\/diarioregionaldigital.com.br\/index.php?rest_route=\/wp\/v2\/media\/91519"}],"wp:attachment":[{"href":"https:\/\/diarioregionaldigital.com.br\/index.php?rest_route=%2Fwp%2Fv2%2Fmedia&parent=91520"}],"wp:term":[{"taxonomy":"category","embeddable":true,"href":"https:\/\/diarioregionaldigital.com.br\/index.php?rest_route=%2Fwp%2Fv2%2Fcategories&post=91520"},{"taxonomy":"post_tag","embeddable":true,"href":"https:\/\/diarioregionaldigital.com.br\/index.php?rest_route=%2Fwp%2Fv2%2Ftags&post=91520"}],"curies":[{"name":"wp","href":"https:\/\/api.w.org\/{rel}","templated":true}]}}