{"id":91518,"date":"2018-02-08T17:23:06","date_gmt":"2018-02-08T19:23:06","guid":{"rendered":"http:\/\/diarioregionaljf.com.br\/2018\/02\/08\/menino-atingido-por-tiro-em-sao-goncalo-esta-em-estado-grave\/"},"modified":"2018-02-08T17:23:06","modified_gmt":"2018-02-08T19:23:06","slug":"menino-atingido-por-tiro-em-sao-goncalo-esta-em-estado-grave","status":"publish","type":"post","link":"https:\/\/diarioregionaldigital.com.br\/?p=91518","title":{"rendered":"Menino atingido por tiro em S\u00e3o Gon\u00e7alo est\u00e1 em estado grave"},"content":{"rendered":"<p>\u00c9 grave o estado de sa\u00fade do menino Jo\u00e3o Pedro Soares da Costa, de 4 anos, atingido por um tiro nas costas na noite dessa quarta-feira, 7, disparado por traficantes da Comunidade da Linha, em S\u00e3o Gon\u00e7alo, regi\u00e3o metropolitana do Rio.<\/p>\n<p>O pai e a m\u00e3e da crian\u00e7a iam para um culto na igreja da comunidade, com os tr\u00eas filhos menores de idade. Eles estavam de carro com os vidros fechados e ao passar pelos criminosos, o pai que dirigia o ve\u00edculo, n\u00e3o ligou o pisca-alerta. Um dos homens que faziam a seguran\u00e7a do tr\u00e1fico atirou e acertou Jo\u00e3o Pedro nas costas. A bala perfurou o f\u00edgado e o pulm\u00e3o da crian\u00e7a. Os outros ocupantes do ve\u00edculo nada sofreram.<\/p>\n<p>A v\u00edtima foi levada \u00e0s pressas para o Hospital Estadual Alberto Torres, em S\u00e3o Gon\u00e7alo, onde foi operada. A Secretaria Estadual de Sa\u00fade disse, em nota de apenas uma linha, que \u201ca dire\u00e7\u00e3o do Hospital Estadual Alberto Torres informa que o paciente apresenta estado de sa\u00fade grave.&#8221;<\/p>\n<p>Fonte: Ag\u00eancia Brasil<\/p>\n","protected":false},"excerpt":{"rendered":"<p>\u00c9 grave o estado de sa\u00fade do menino Jo\u00e3o Pedro Soares da Costa, de 4 anos, atingido por um tiro nas costas na noite dessa quarta-feira, 7, disparado por traficantes da Comunidade da Linha, em S\u00e3o Gon\u00e7alo, regi\u00e3o metropolitana do Rio. O pai e a m\u00e3e da crian\u00e7a iam para um culto na igreja da [&hellip;]<\/p>\n","protected":false},"author":96,"featured_media":91517,"comment_status":"closed","ping_status":"closed","sticky":false,"template":"","format":"standard","meta":{"footnotes":""},"categories":[302],"tags":[],"class_list":["post-91518","post","type-post","status-publish","format-standard","has-post-thumbnail","hentry","category-brasil-mundo"],"_links":{"self":[{"href":"https:\/\/diarioregionaldigital.com.br\/index.php?rest_route=\/wp\/v2\/posts\/91518","targetHints":{"allow":["GET"]}}],"collection":[{"href":"https:\/\/diarioregionaldigital.com.br\/index.php?rest_route=\/wp\/v2\/posts"}],"about":[{"href":"https:\/\/diarioregionaldigital.com.br\/index.php?rest_route=\/wp\/v2\/types\/post"}],"author":[{"embeddable":true,"href":"https:\/\/diarioregionaldigital.com.br\/index.php?rest_route=\/wp\/v2\/users\/96"}],"replies":[{"embeddable":true,"href":"https:\/\/diarioregionaldigital.com.br\/index.php?rest_route=%2Fwp%2Fv2%2Fcomments&post=91518"}],"version-history":[{"count":0,"href":"https:\/\/diarioregionaldigital.com.br\/index.php?rest_route=\/wp\/v2\/posts\/91518\/revisions"}],"wp:featuredmedia":[{"embeddable":true,"href":"https:\/\/diarioregionaldigital.com.br\/index.php?rest_route=\/wp\/v2\/media\/91517"}],"wp:attachment":[{"href":"https:\/\/diarioregionaldigital.com.br\/index.php?rest_route=%2Fwp%2Fv2%2Fmedia&parent=91518"}],"wp:term":[{"taxonomy":"category","embeddable":true,"href":"https:\/\/diarioregionaldigital.com.br\/index.php?rest_route=%2Fwp%2Fv2%2Fcategories&post=91518"},{"taxonomy":"post_tag","embeddable":true,"href":"https:\/\/diarioregionaldigital.com.br\/index.php?rest_route=%2Fwp%2Fv2%2Ftags&post=91518"}],"curies":[{"name":"wp","href":"https:\/\/api.w.org\/{rel}","templated":true}]}}