{"id":91516,"date":"2018-02-08T17:18:14","date_gmt":"2018-02-08T19:18:14","guid":{"rendered":"http:\/\/diarioregionaljf.com.br\/2018\/02\/08\/movimento-em-aeroportos-da-infraero-deve-crescer-4-7-no-carnaval\/"},"modified":"2018-02-08T17:18:14","modified_gmt":"2018-02-08T19:18:14","slug":"movimento-em-aeroportos-da-infraero-deve-crescer-4-7-no-carnaval","status":"publish","type":"post","link":"https:\/\/diarioregionaldigital.com.br\/?p=91516","title":{"rendered":"Movimento em aeroportos da Infraero deve crescer 4,7% no carnaval"},"content":{"rendered":"<p>Os aeroportos da Empresa Brasileira de Infraestrutura Aeroportu\u00e1ria (Infraero) devem registrar aumento na movimenta\u00e7\u00e3o de 4,7% durante o per\u00edodo de carnaval. A estimativa do \u00f3rg\u00e3o \u00e9 que, entre os dias 8 e 19 de fevereiro, 2,6 milh\u00f5es de passageiros circulem nesses terminais com voos comerciais regulares, entre embarques e desembarques.<\/p>\n<p>Em 2017, a movimenta\u00e7\u00e3o de carnaval ocorreu entre os dias 23 de fevereiro e 6 de mar\u00e7o, per\u00edodo em que foi registrado um fluxo de 2,5 milh\u00f5es de viajantes nos aeroportos da Infraero.<\/p>\n<p>\u201cPara garantir o melhor atendimento e fluidez na movimenta\u00e7\u00e3o dos aeroportos, cada terminal elaborou seu plano conting\u00eancia, que j\u00e1 executou atividades de manuten\u00e7\u00e3o preventiva em equipamentos como esteiras de embarque e desembarque de bagagens, sinaliza\u00e7\u00e3o de pista, pontes de embarque, escadas rolantes, raio-x e detectores de metal\u201d, informou a empresa.<\/p>\n<h4>&nbsp;<\/h4>\n<h4>CONVERG\u00caNCIA<\/h4>\n<p>Ainda segundo a Infraero, as opera\u00e7\u00f5es nos aeroportos de Congonhas, Santos Dumont, Curitiba, Recife e Manaus ser\u00e3o coordenadas por Centros de Gerenciamento Aeroportu\u00e1rio, compostos por representantes da pr\u00f3pria empresa, da Ag\u00eancia Nacional de Avia\u00e7\u00e3o Civil (Anac), da Pol\u00edcia Federal, da Receita Federal, da vigil\u00e2ncia sanit\u00e1ria, da vigil\u00e2ncia agropecu\u00e1ria e de companhias a\u00e9reas.<\/p>\n<p>\u201cO objetivo \u00e9 gerir o funcionamento das instala\u00e7\u00f5es em tempo real, conceber e implantar medidas para melhorar o fluxo operacional do aeroporto e aprimorar o atendimento aos passageiros e aeronaves\u201d, destacou.<\/p>\n<p>Nos demais aeroportos, a coordena\u00e7\u00e3o ser\u00e1 feita pelo N\u00facleo de Acompanhamento e Gest\u00e3o Operacional, localizado em Bras\u00edlia.<\/p>\n<p>Fonte: Ag\u00eancia Brasil<\/p>\n","protected":false},"excerpt":{"rendered":"<p>Os aeroportos da Empresa Brasileira de Infraestrutura Aeroportu\u00e1ria (Infraero) devem registrar aumento na movimenta\u00e7\u00e3o de 4,7% durante o per\u00edodo de carnaval. A estimativa do \u00f3rg\u00e3o \u00e9 que, entre os dias 8 e 19 de fevereiro, 2,6 milh\u00f5es de passageiros circulem nesses terminais com voos comerciais regulares, entre embarques e desembarques. Em 2017, a movimenta\u00e7\u00e3o de [&hellip;]<\/p>\n","protected":false},"author":96,"featured_media":91515,"comment_status":"closed","ping_status":"closed","sticky":false,"template":"","format":"standard","meta":{"footnotes":""},"categories":[302],"tags":[],"class_list":["post-91516","post","type-post","status-publish","format-standard","has-post-thumbnail","hentry","category-brasil-mundo"],"_links":{"self":[{"href":"https:\/\/diarioregionaldigital.com.br\/index.php?rest_route=\/wp\/v2\/posts\/91516","targetHints":{"allow":["GET"]}}],"collection":[{"href":"https:\/\/diarioregionaldigital.com.br\/index.php?rest_route=\/wp\/v2\/posts"}],"about":[{"href":"https:\/\/diarioregionaldigital.com.br\/index.php?rest_route=\/wp\/v2\/types\/post"}],"author":[{"embeddable":true,"href":"https:\/\/diarioregionaldigital.com.br\/index.php?rest_route=\/wp\/v2\/users\/96"}],"replies":[{"embeddable":true,"href":"https:\/\/diarioregionaldigital.com.br\/index.php?rest_route=%2Fwp%2Fv2%2Fcomments&post=91516"}],"version-history":[{"count":0,"href":"https:\/\/diarioregionaldigital.com.br\/index.php?rest_route=\/wp\/v2\/posts\/91516\/revisions"}],"wp:featuredmedia":[{"embeddable":true,"href":"https:\/\/diarioregionaldigital.com.br\/index.php?rest_route=\/wp\/v2\/media\/91515"}],"wp:attachment":[{"href":"https:\/\/diarioregionaldigital.com.br\/index.php?rest_route=%2Fwp%2Fv2%2Fmedia&parent=91516"}],"wp:term":[{"taxonomy":"category","embeddable":true,"href":"https:\/\/diarioregionaldigital.com.br\/index.php?rest_route=%2Fwp%2Fv2%2Fcategories&post=91516"},{"taxonomy":"post_tag","embeddable":true,"href":"https:\/\/diarioregionaldigital.com.br\/index.php?rest_route=%2Fwp%2Fv2%2Ftags&post=91516"}],"curies":[{"name":"wp","href":"https:\/\/api.w.org\/{rel}","templated":true}]}}