{"id":91514,"date":"2018-02-08T17:10:14","date_gmt":"2018-02-08T19:10:14","guid":{"rendered":"http:\/\/diarioregionaljf.com.br\/2018\/02\/08\/eua-lider-democrata-diz-que-nao-aprova-orcamento-sem-uma-solucao-para-o-daca\/"},"modified":"2018-02-08T17:10:14","modified_gmt":"2018-02-08T19:10:14","slug":"eua-lider-democrata-diz-que-nao-aprova-orcamento-sem-uma-solucao-para-o-daca","status":"publish","type":"post","link":"https:\/\/diarioregionaldigital.com.br\/?p=91514","title":{"rendered":"EUA: l\u00edder democrata diz que n\u00e3o aprova or\u00e7amento sem uma solu\u00e7\u00e3o para o Daca"},"content":{"rendered":"<p>A l\u00edder da minoria democrata na C\u00e2mara de Representantes dos EUA, Nancy Pelosi, disse nessa quarta-feira, 7, que votar\u00e1 contra o acordo or\u00e7ament\u00e1rio de dois anos que est\u00e1 sendo formulado no Senado, a menos que o presidente da C\u00e2mara Baixa, Paul Ryan, se comprometa a votar uma solu\u00e7\u00e3o para os &#8220;sonhadores&#8221;. Ela se referia ao jovens abrangidos no Programa de A\u00e7\u00e3o Diferida (Daca), que protege jovens imigrantes chegados aos EUA quando crian\u00e7as. A informa\u00e7\u00e3o \u00e9 da EFE.<\/p>\n<p>Nancy Pelosi insistiu que uma solu\u00e7\u00e3o para o programa \u00e9 indispens\u00e1vel para que ela e grande parte de sua bancada votem a favor do acordo or\u00e7ament\u00e1rio que os l\u00edderes do Senado, o republicano Mitch McConnell e o democrata Chuck Schumer, est\u00e3o fechando.<\/p>\n<p>&#8220;O acordo inclui muitas prioridades democratas&#8221;, reconheceu ela em um comunicado, citando a inclus\u00e3o de um pacote de ajuda para desastres, o aumento de fundos tanto para a despesa em defesa como para outras ag\u00eancias, bem como solu\u00e7\u00f5es para a crise de opi\u00e1ceos que castiga o pa\u00eds.<\/p>\n<p>No entanto, Pelosi insistiu que h\u00e1 uma falta de apoio dentro de seu grupo parlamentar dada a falta de uma resolu\u00e7\u00e3o que solucione a situa\u00e7\u00e3o dos jovens sem documentos conhecidos como &#8220;sonhadores&#8221;, cujo al\u00edvio da deporta\u00e7\u00e3o expira em mar\u00e7o, por ordem do presidente Donald Trump.<\/p>\n<p>Trump, n\u00e3o pretende estender para al\u00e9m de 5 de mar\u00e7o, data em que entra em vigor a decis\u00e3o de encerr\u00e1-lo, o programa que protege da deporta\u00e7\u00e3o cerca de 690 mil jovens sem documentos, indicou o chefe de gabinete da Casa Branca, John Kelly.<\/p>\n<h4>&nbsp;<\/h4>\n<h4>SEM APOIO<\/h4>\n<p>&#8220;Tomamos uma decis\u00e3o no nosso grupo, porque o pacote legislativo n\u00e3o faz nada para avan\u00e7ar na legisla\u00e7\u00e3o bipartid\u00e1ria para proteger os sonhadores. Sem um compromisso do presidente Ryan compar\u00e1vel ao compromisso do l\u00edder McConnell, este pacote n\u00e3o conta com o meu apoio&#8221;, disse Nancy Pelosi.<\/p>\n<p>Diferentemente de Ryan, McConnell se comprometeu com os democratas do Senado a submeter \u00e0 vota\u00e7\u00e3o um pacote migrat\u00f3rio bipartid\u00e1rio com o objetivo de reabrir o governo federal, que h\u00e1 duas semanas est\u00e1 parcialmente fechado administrativamente, ao ficar sem fundos pela falta de acordo or\u00e7ament\u00e1rio no Congresso.<\/p>\n<p>Democratas e republicanos voltaram a negociar ontem para tentar alcan\u00e7ar um acordo que evite um novo fechamento parcial do governo nesta quinta-feira, 8, quando voltam a expirar os fundos atuais para os cofres federais.<\/p>\n<p>Schumer e McConnell est\u00e3o perto de chegar a um acordo na C\u00e2mara Alta que financiaria o Governo durante os anos fiscais 2018 e 2019, enquanto a C\u00e2mara de Representantes aprovou na ter\u00e7a-feira, 6, um pacote tempor\u00e1rio que manteria os fundos no mesmo n\u00edvel atual at\u00e9 23 de mar\u00e7o, com uma contribui\u00e7\u00e3o de um ano para o Pent\u00e1gono.<\/p>\n<p>Ainda n\u00e3o est\u00e1 muito claro qual \u00e9 o compromisso exato de McConnell em mat\u00e9ria migrat\u00f3ria, j\u00e1 que n\u00e3o s\u00e3o conhecidos os conte\u00fados do poss\u00edvel projeto de lei. No entanto, Trump n\u00e3o parece estar disposto a aprovar uma lei migrat\u00f3ria que n\u00e3o seja a proposta pelo seu gabinete.<\/p>\n<p>Fonte: Ag\u00eancia Brasil<\/p>\n","protected":false},"excerpt":{"rendered":"<p>A l\u00edder da minoria democrata na C\u00e2mara de Representantes dos EUA, Nancy Pelosi, disse nessa quarta-feira, 7, que votar\u00e1 contra o acordo or\u00e7ament\u00e1rio de dois anos que est\u00e1 sendo formulado no Senado, a menos que o presidente da C\u00e2mara Baixa, Paul Ryan, se comprometa a votar uma solu\u00e7\u00e3o para os &#8220;sonhadores&#8221;. Ela se referia ao [&hellip;]<\/p>\n","protected":false},"author":96,"featured_media":91513,"comment_status":"closed","ping_status":"closed","sticky":false,"template":"","format":"standard","meta":{"footnotes":""},"categories":[302],"tags":[],"class_list":["post-91514","post","type-post","status-publish","format-standard","has-post-thumbnail","hentry","category-brasil-mundo"],"_links":{"self":[{"href":"https:\/\/diarioregionaldigital.com.br\/index.php?rest_route=\/wp\/v2\/posts\/91514","targetHints":{"allow":["GET"]}}],"collection":[{"href":"https:\/\/diarioregionaldigital.com.br\/index.php?rest_route=\/wp\/v2\/posts"}],"about":[{"href":"https:\/\/diarioregionaldigital.com.br\/index.php?rest_route=\/wp\/v2\/types\/post"}],"author":[{"embeddable":true,"href":"https:\/\/diarioregionaldigital.com.br\/index.php?rest_route=\/wp\/v2\/users\/96"}],"replies":[{"embeddable":true,"href":"https:\/\/diarioregionaldigital.com.br\/index.php?rest_route=%2Fwp%2Fv2%2Fcomments&post=91514"}],"version-history":[{"count":0,"href":"https:\/\/diarioregionaldigital.com.br\/index.php?rest_route=\/wp\/v2\/posts\/91514\/revisions"}],"wp:featuredmedia":[{"embeddable":true,"href":"https:\/\/diarioregionaldigital.com.br\/index.php?rest_route=\/wp\/v2\/media\/91513"}],"wp:attachment":[{"href":"https:\/\/diarioregionaldigital.com.br\/index.php?rest_route=%2Fwp%2Fv2%2Fmedia&parent=91514"}],"wp:term":[{"taxonomy":"category","embeddable":true,"href":"https:\/\/diarioregionaldigital.com.br\/index.php?rest_route=%2Fwp%2Fv2%2Fcategories&post=91514"},{"taxonomy":"post_tag","embeddable":true,"href":"https:\/\/diarioregionaldigital.com.br\/index.php?rest_route=%2Fwp%2Fv2%2Ftags&post=91514"}],"curies":[{"name":"wp","href":"https:\/\/api.w.org\/{rel}","templated":true}]}}