{"id":91512,"date":"2018-02-08T16:59:15","date_gmt":"2018-02-08T18:59:15","guid":{"rendered":"http:\/\/diarioregionaljf.com.br\/2018\/02\/08\/prefeitura-de-chacara-divulga-programacao-do-carnaval-2018\/"},"modified":"2018-02-08T16:59:15","modified_gmt":"2018-02-08T18:59:15","slug":"prefeitura-de-chacara-divulga-programacao-do-carnaval-2018","status":"publish","type":"post","link":"https:\/\/diarioregionaldigital.com.br\/?p=91512","title":{"rendered":"Prefeitura de Ch\u00e1cara divulga programa\u00e7\u00e3o do Carnaval 2018"},"content":{"rendered":"<p>A Prefeitura de Ch\u00e1cara (a aproximadamente 29 Km de Juiz de Fora) divulgou nessa quarta-feira, 7, a programa\u00e7\u00e3o oficial do Carnaval 2018. A festa, que acontece de 10 a 13 de fevereiro, \u00e9 aberta \u00e0 toda popula\u00e7\u00e3o e vai contar com desfiles de blocos, shows musicais, matin\u00ea e concurso de fantasias para crian\u00e7as e adultos.<\/p>\n<p>Dois artistas de repercuss\u00e3o nacional v\u00e3o se apresentar no evento. No&nbsp;s\u00e1bado, 10, Mc Tarapi sobe ao palco 00h. No domingo, 11, a Mc&nbsp;Pocahontas comanda a festa, a partir do mesmo hor\u00e1rio.<\/p>\n<p>De acordo com o prefeito Emerson Duque, al\u00e9m de garantir divers\u00e3o&nbsp;gratuita para a popula\u00e7\u00e3o em um evento que j\u00e1 faz parte do&nbsp;calend\u00e1rio cultural de Ch\u00e1cara, a festa traz outros benef\u00edcios para o&nbsp;munic\u00edpio. &#8220;Muitas pessoas n\u00e3o t\u00eam condi\u00e7\u00e3o de viajar para outras&nbsp;cidades ou participar de eventos pagos. Al\u00e9m disso, a festa contribui&nbsp;para fortalecer o com\u00e9rcio local&#8221;, completou o prefeito.&nbsp;<\/p>\n<p>Os shows musicais acontecem na Pra\u00e7a Principal e os blocos&nbsp;concentram-se na Rua Onofre Augusto de Paula.<\/p>\n<p>&nbsp;<\/p>\n<p>Fonte: Assessoria<\/p>\n","protected":false},"excerpt":{"rendered":"<p>A Prefeitura de Ch\u00e1cara (a aproximadamente 29 Km de Juiz de Fora) divulgou nessa quarta-feira, 7, a programa\u00e7\u00e3o oficial do Carnaval 2018. A festa, que acontece de 10 a 13 de fevereiro, \u00e9 aberta \u00e0 toda popula\u00e7\u00e3o e vai contar com desfiles de blocos, shows musicais, matin\u00ea e concurso de fantasias para crian\u00e7as e adultos. [&hellip;]<\/p>\n","protected":false},"author":96,"featured_media":91511,"comment_status":"closed","ping_status":"closed","sticky":false,"template":"","format":"standard","meta":{"footnotes":""},"categories":[252],"tags":[],"class_list":["post-91512","post","type-post","status-publish","format-standard","has-post-thumbnail","hentry","category-regiao"],"_links":{"self":[{"href":"https:\/\/diarioregionaldigital.com.br\/index.php?rest_route=\/wp\/v2\/posts\/91512","targetHints":{"allow":["GET"]}}],"collection":[{"href":"https:\/\/diarioregionaldigital.com.br\/index.php?rest_route=\/wp\/v2\/posts"}],"about":[{"href":"https:\/\/diarioregionaldigital.com.br\/index.php?rest_route=\/wp\/v2\/types\/post"}],"author":[{"embeddable":true,"href":"https:\/\/diarioregionaldigital.com.br\/index.php?rest_route=\/wp\/v2\/users\/96"}],"replies":[{"embeddable":true,"href":"https:\/\/diarioregionaldigital.com.br\/index.php?rest_route=%2Fwp%2Fv2%2Fcomments&post=91512"}],"version-history":[{"count":0,"href":"https:\/\/diarioregionaldigital.com.br\/index.php?rest_route=\/wp\/v2\/posts\/91512\/revisions"}],"wp:featuredmedia":[{"embeddable":true,"href":"https:\/\/diarioregionaldigital.com.br\/index.php?rest_route=\/wp\/v2\/media\/91511"}],"wp:attachment":[{"href":"https:\/\/diarioregionaldigital.com.br\/index.php?rest_route=%2Fwp%2Fv2%2Fmedia&parent=91512"}],"wp:term":[{"taxonomy":"category","embeddable":true,"href":"https:\/\/diarioregionaldigital.com.br\/index.php?rest_route=%2Fwp%2Fv2%2Fcategories&post=91512"},{"taxonomy":"post_tag","embeddable":true,"href":"https:\/\/diarioregionaldigital.com.br\/index.php?rest_route=%2Fwp%2Fv2%2Ftags&post=91512"}],"curies":[{"name":"wp","href":"https:\/\/api.w.org\/{rel}","templated":true}]}}