{"id":91510,"date":"2018-02-08T16:58:45","date_gmt":"2018-02-08T18:58:45","guid":{"rendered":"http:\/\/diarioregionaljf.com.br\/2018\/02\/08\/michelle-bachelet-presidira-comissao-da-organizacao-pan-americana-da-saude\/"},"modified":"2018-02-08T16:58:45","modified_gmt":"2018-02-08T18:58:45","slug":"michelle-bachelet-presidira-comissao-da-organizacao-pan-americana-da-saude","status":"publish","type":"post","link":"https:\/\/diarioregionaldigital.com.br\/?p=91510","title":{"rendered":"Michelle Bachelet presidir\u00e1 comiss\u00e3o da Organiza\u00e7\u00e3o Pan-Americana da Sa\u00fade"},"content":{"rendered":"<p>A Organiza\u00e7\u00e3o Pan-Americana da Sa\u00fade (Opas), confirmou nessa quarta-feira, 7, que a presidente do Chile, Michelle Bachelet, ser\u00e1 a nova chefe da sua comiss\u00e3o para promo\u00e7\u00e3o de acesso \u00e0 cobertura universal de sa\u00fade nas Am\u00e9ricas. A informa\u00e7\u00e3o \u00e9 da ONU News.<\/p>\n<p>Al\u00e9m de Bachelet, tamb\u00e9m participar\u00e3o do grupo a brasileira La\u00eds Abramo, diretora da Comiss\u00e3o das Na\u00e7\u00f5es Unidas para Am\u00e9rica Latina e Caribe (Cepal) e outros representantes da sociedade civil e ex-autoridades da Am\u00e9rica Latina e do Caribe.<\/p>\n<p>Em comunicado, a Opas disse que o trabalho do grupo ser\u00e1 promover solu\u00e7\u00f5es que ampliem o acesso \u00e0 sa\u00fade da popula\u00e7\u00e3o das Am\u00e9ricas at\u00e9 2030, sem que ningu\u00e9m seja esquecido. O convite \u00e0 Bachelet, que deixar\u00e1 a Presid\u00eancia do Chile em 11 de mar\u00e7o, foi feito pela diretora da Opas, Carissa Etienne.<\/p>\n<p>Segundo ela, a presidente, que \u00e9 m\u00e9dica de forma\u00e7\u00e3o, tem lideran\u00e7a e compromisso, elementos-chave para empoderar as pessoas e as comunidades na busca da igualdade e da realiza\u00e7\u00e3o do direito \u00e0 sa\u00fade.<\/p>\n<h4>&nbsp;<\/h4>\n<h4>ACESSO UNIVERSAL<\/h4>\n<p>De acordo com a Opas, quatro d\u00e9cadas depois da Declara\u00e7\u00e3o Alma-Ata (formulada na Confer\u00eancia Internacional sobre Cuidados Prim\u00e1rios de Sa\u00fade, realizada no Cazaquist\u00e3o em setembro de 1978), que defendia a implanta\u00e7\u00e3o de um sistema de sa\u00fade para todos no ano 2000, cerca de 30% da popula\u00e7\u00e3o das Am\u00e9ricas ainda n\u00e3o tem acesso a cuidados m\u00e9dicos por motivos econ\u00f4micos. E cerca de 21% dos habitantes da regi\u00e3o n\u00e3o conseguem chegar a hospitais e postos de sa\u00fade por causa de barreiras geogr\u00e1ficas.<\/p>\n<p>Mais recentemente, em 2015, os pa\u00edses-membros da ONU assumiram o compromisso de alcan\u00e7ar o acesso universal \u00e0 sa\u00fade at\u00e9 2030, ao aprovar a Agenda de Desenvolvimento Sustent\u00e1vel. A comiss\u00e3o da Opas a ser presidida por Bachelet ir\u00e1 debater como os programas nacionais nas Am\u00e9ricas est\u00e3o implementando as mudan\u00e7as necess\u00e1rias.<\/p>\n<h4>&nbsp;<\/h4>\n<h4>RECOMENDA\u00c7\u00d5ES<\/h4>\n<p>Michelle Bachelet afirmou que, com o envelhecimento acelerado da popula\u00e7\u00e3o e as doen\u00e7as transmiss\u00edveis, \u00e9 preciso dar uma resposta com urg\u00eancia e aplicar pol\u00edticas que combatam as desigualdades. Para ela, deixar de fazer este trabalho \u00e9 negar \u00e0 regi\u00e3o a possibilidade de obter um desenvolvimento sustent\u00e1vel.<\/p>\n<p>Ao final do trabalho, a comiss\u00e3o da Opas divulgar\u00e1 um relat\u00f3rio com recomenda\u00e7\u00f5es para melhorar os sistemas de sa\u00fade das popula\u00e7\u00f5es exclu\u00eddas.<\/p>\n<p>Fonte: Ag\u00eancia Brasil<\/p>\n","protected":false},"excerpt":{"rendered":"<p>A Organiza\u00e7\u00e3o Pan-Americana da Sa\u00fade (Opas), confirmou nessa quarta-feira, 7, que a presidente do Chile, Michelle Bachelet, ser\u00e1 a nova chefe da sua comiss\u00e3o para promo\u00e7\u00e3o de acesso \u00e0 cobertura universal de sa\u00fade nas Am\u00e9ricas. A informa\u00e7\u00e3o \u00e9 da ONU News. Al\u00e9m de Bachelet, tamb\u00e9m participar\u00e3o do grupo a brasileira La\u00eds Abramo, diretora da Comiss\u00e3o [&hellip;]<\/p>\n","protected":false},"author":96,"featured_media":91509,"comment_status":"closed","ping_status":"closed","sticky":false,"template":"","format":"standard","meta":{"footnotes":""},"categories":[302],"tags":[],"class_list":["post-91510","post","type-post","status-publish","format-standard","has-post-thumbnail","hentry","category-brasil-mundo"],"_links":{"self":[{"href":"https:\/\/diarioregionaldigital.com.br\/index.php?rest_route=\/wp\/v2\/posts\/91510","targetHints":{"allow":["GET"]}}],"collection":[{"href":"https:\/\/diarioregionaldigital.com.br\/index.php?rest_route=\/wp\/v2\/posts"}],"about":[{"href":"https:\/\/diarioregionaldigital.com.br\/index.php?rest_route=\/wp\/v2\/types\/post"}],"author":[{"embeddable":true,"href":"https:\/\/diarioregionaldigital.com.br\/index.php?rest_route=\/wp\/v2\/users\/96"}],"replies":[{"embeddable":true,"href":"https:\/\/diarioregionaldigital.com.br\/index.php?rest_route=%2Fwp%2Fv2%2Fcomments&post=91510"}],"version-history":[{"count":0,"href":"https:\/\/diarioregionaldigital.com.br\/index.php?rest_route=\/wp\/v2\/posts\/91510\/revisions"}],"wp:featuredmedia":[{"embeddable":true,"href":"https:\/\/diarioregionaldigital.com.br\/index.php?rest_route=\/wp\/v2\/media\/91509"}],"wp:attachment":[{"href":"https:\/\/diarioregionaldigital.com.br\/index.php?rest_route=%2Fwp%2Fv2%2Fmedia&parent=91510"}],"wp:term":[{"taxonomy":"category","embeddable":true,"href":"https:\/\/diarioregionaldigital.com.br\/index.php?rest_route=%2Fwp%2Fv2%2Fcategories&post=91510"},{"taxonomy":"post_tag","embeddable":true,"href":"https:\/\/diarioregionaldigital.com.br\/index.php?rest_route=%2Fwp%2Fv2%2Ftags&post=91510"}],"curies":[{"name":"wp","href":"https:\/\/api.w.org\/{rel}","templated":true}]}}