{"id":91508,"date":"2018-02-08T16:53:27","date_gmt":"2018-02-08T18:53:27","guid":{"rendered":"http:\/\/diarioregionaljf.com.br\/2018\/02\/08\/parlamento-europeu-retira-vice-presidencia-de-polones-que-ofendeu-colega\/"},"modified":"2018-02-08T16:53:27","modified_gmt":"2018-02-08T18:53:27","slug":"parlamento-europeu-retira-vice-presidencia-de-polones-que-ofendeu-colega","status":"publish","type":"post","link":"https:\/\/diarioregionaldigital.com.br\/?p=91508","title":{"rendered":"Parlamento Europeu retira vice-presid\u00eancia de polon\u00eas que ofendeu colega"},"content":{"rendered":"<p>O mandato do eurodeputado Ryszard Czarnecki como vice-presidente do Parlamento Europeu terminou nessa quarta-feira, 7, ap\u00f3s ele ter chamado de &#8220;nazista&#8221; a deputada Roza Thun, tamb\u00e9m polonesa.<\/p>\n<p>No m\u00eas passado, Roza Thun, que pertence ao partido de oposi\u00e7\u00e3o, teceu cr\u00edticas ao atual governo de Vars\u00f3via. Czarnecki, membro do partido Lei e Justi\u00e7a, atualmente no poder na Pol\u00f4nia, publicou na internet coment\u00e1rio que comparava a eurodeputada a um &#8220;szmalcownik&#8221; (termo pejorativo usado contra colaboradores nazistas que chantageavam judeus).<\/p>\n<p>A Confer\u00eancia dos Presidentes (composta pelo Presidente do Parlamento e por l\u00edderes de grupos pol\u00edticos) apresentou proposta para retirar a vice-presid\u00eancia de Czarnecki, que foi aprovada por 447 votos a favor e 196 contra.<\/p>\n<p>O Parlamento, que tem no total 14 vice-presidentes, precisar\u00e1 eleger um novo eurodeputado para o cargo.<\/p>\n<p>Os eurodeputados consideraram que o insulto constituiu uma &#8220;falha grave&#8221; e colocou em causa a &#8220;dignidade&#8221; do Parlamento Europeu.<\/p>\n<p>De acordo com o Parlamento Europeu, Czarnecki continuar\u00e1 a ser membro da institui\u00e7\u00e3o, mas n\u00e3o poder\u00e1 mais exercer cargos de vice-presidente ou presidente. &#8220;Ele n\u00e3o representar\u00e1 o Parlamento em nome do seu presidente nem presidir\u00e1 os debates plen\u00e1rios.&#8221;<\/p>\n<p>Fonte: Ag\u00eancia Brasil<\/p>\n","protected":false},"excerpt":{"rendered":"<p>O mandato do eurodeputado Ryszard Czarnecki como vice-presidente do Parlamento Europeu terminou nessa quarta-feira, 7, ap\u00f3s ele ter chamado de &#8220;nazista&#8221; a deputada Roza Thun, tamb\u00e9m polonesa. No m\u00eas passado, Roza Thun, que pertence ao partido de oposi\u00e7\u00e3o, teceu cr\u00edticas ao atual governo de Vars\u00f3via. Czarnecki, membro do partido Lei e Justi\u00e7a, atualmente no poder [&hellip;]<\/p>\n","protected":false},"author":96,"featured_media":91507,"comment_status":"closed","ping_status":"closed","sticky":false,"template":"","format":"standard","meta":{"footnotes":""},"categories":[302],"tags":[],"class_list":["post-91508","post","type-post","status-publish","format-standard","has-post-thumbnail","hentry","category-brasil-mundo"],"_links":{"self":[{"href":"https:\/\/diarioregionaldigital.com.br\/index.php?rest_route=\/wp\/v2\/posts\/91508","targetHints":{"allow":["GET"]}}],"collection":[{"href":"https:\/\/diarioregionaldigital.com.br\/index.php?rest_route=\/wp\/v2\/posts"}],"about":[{"href":"https:\/\/diarioregionaldigital.com.br\/index.php?rest_route=\/wp\/v2\/types\/post"}],"author":[{"embeddable":true,"href":"https:\/\/diarioregionaldigital.com.br\/index.php?rest_route=\/wp\/v2\/users\/96"}],"replies":[{"embeddable":true,"href":"https:\/\/diarioregionaldigital.com.br\/index.php?rest_route=%2Fwp%2Fv2%2Fcomments&post=91508"}],"version-history":[{"count":0,"href":"https:\/\/diarioregionaldigital.com.br\/index.php?rest_route=\/wp\/v2\/posts\/91508\/revisions"}],"wp:featuredmedia":[{"embeddable":true,"href":"https:\/\/diarioregionaldigital.com.br\/index.php?rest_route=\/wp\/v2\/media\/91507"}],"wp:attachment":[{"href":"https:\/\/diarioregionaldigital.com.br\/index.php?rest_route=%2Fwp%2Fv2%2Fmedia&parent=91508"}],"wp:term":[{"taxonomy":"category","embeddable":true,"href":"https:\/\/diarioregionaldigital.com.br\/index.php?rest_route=%2Fwp%2Fv2%2Fcategories&post=91508"},{"taxonomy":"post_tag","embeddable":true,"href":"https:\/\/diarioregionaldigital.com.br\/index.php?rest_route=%2Fwp%2Fv2%2Ftags&post=91508"}],"curies":[{"name":"wp","href":"https:\/\/api.w.org\/{rel}","templated":true}]}}