{"id":91504,"date":"2018-02-08T16:02:23","date_gmt":"2018-02-08T18:02:23","guid":{"rendered":"http:\/\/diarioregionaljf.com.br\/2018\/02\/08\/producao-industrial-fecha-2017-com-crescimento-em-12-locais-pesquisados\/"},"modified":"2018-02-08T16:02:23","modified_gmt":"2018-02-08T18:02:23","slug":"producao-industrial-fecha-2017-com-crescimento-em-12-locais-pesquisados","status":"publish","type":"post","link":"https:\/\/diarioregionaldigital.com.br\/?p=91504","title":{"rendered":"Produ\u00e7\u00e3o industrial fecha 2017 com crescimento em 12 locais pesquisados"},"content":{"rendered":"<p>Dos 15 locais analisados pela Pesquisa Industrial Mensal de Produ\u00e7\u00e3o F\u00edsica (PIM-PF), 12 tiveram expans\u00e3o no \u00edndice acumulado em 2017, que fechou o ano com crescimento de 2,5% na m\u00e9dia nacional. Os dados foram divulgados pelo Instituto Brasileiro de Geografia e Estat\u00edstica (IBGE). O destaque de crescimento foi o Par\u00e1, com 10,1%.<\/p>\n<p>Tamb\u00e9m apresentaram crescimento acima da m\u00e9dia nacional as localidades de Santa Catarina (4,5%), Paran\u00e1 (4,4%), Rio de Janeiro (4,2%), Mato Grosso (3,9%), Amazonas (3,7%), Goi\u00e1s (3,7%) e S\u00e3o Paulo (3,4%). Cear\u00e1 (2,2%), Esp\u00edrito Santo (1,7%), Minas Gerais (1,5%) e Rio Grande do Sul (0,1%) tamb\u00e9m fecharam o ano com resultados positivos.<\/p>\n<p>Segundo o IBGE, o dinamismo registrado foi influenciado pela alta na fabrica\u00e7\u00e3o de bens de capital, principalmente os voltados para o setor de transportes, constru\u00e7\u00e3o e agr\u00edcola; de bens intermedi\u00e1rios, como min\u00e9rios de ferro, petr\u00f3leo, celulose, siderurgia e derivados da extra\u00e7\u00e3o da soja; de bens de consumo dur\u00e1veis, como autom\u00f3veis e eletrodom\u00e9sticos da linha marrom, que engloba televisores, som e v\u00eddeo; e de bens de consumo semi e n\u00e3o-dur\u00e1veis, como cal\u00e7ados, produtos t\u00eaxteis e vestu\u00e1rio.<\/p>\n<p>A Bahia teve a maior queda (-1,7%) e, incluindo Pernambuco (-0,9%) e a regi\u00e3o Nordeste (-0,5%), foram os \u00fanicos decr\u00e9scimos acumulados em 2017. O resultado da Bahia foi pressionado pela diminui\u00e7\u00e3o na produ\u00e7\u00e3o dos setores de coque, produtos derivados do petr\u00f3leo e biocombust\u00edveis e de metalurgia, que s\u00e3o as barras, perfis e vergalh\u00f5es de cobre e de ligas de cobre. No acumulado dos \u00faltimos 12 meses, o crescimento de 2,5% em dezembro foi o maior desde julho de 2011, quando o \u00edndice ficou em 2,8%.<\/p>\n<hr \/>\n<p>&nbsp;Fonte: Ag\u00eancia Brasil<\/p>\n","protected":false},"excerpt":{"rendered":"<p>Dos 15 locais analisados pela Pesquisa Industrial Mensal de Produ\u00e7\u00e3o F\u00edsica (PIM-PF), 12 tiveram expans\u00e3o no \u00edndice acumulado em 2017, que fechou o ano com crescimento de 2,5% na m\u00e9dia nacional. Os dados foram divulgados pelo Instituto Brasileiro de Geografia e Estat\u00edstica (IBGE). O destaque de crescimento foi o Par\u00e1, com 10,1%. Tamb\u00e9m apresentaram crescimento [&hellip;]<\/p>\n","protected":false},"author":96,"featured_media":91503,"comment_status":"closed","ping_status":"closed","sticky":false,"template":"","format":"standard","meta":{"footnotes":""},"categories":[261],"tags":[],"class_list":["post-91504","post","type-post","status-publish","format-standard","has-post-thumbnail","hentry","category-economia"],"_links":{"self":[{"href":"https:\/\/diarioregionaldigital.com.br\/index.php?rest_route=\/wp\/v2\/posts\/91504","targetHints":{"allow":["GET"]}}],"collection":[{"href":"https:\/\/diarioregionaldigital.com.br\/index.php?rest_route=\/wp\/v2\/posts"}],"about":[{"href":"https:\/\/diarioregionaldigital.com.br\/index.php?rest_route=\/wp\/v2\/types\/post"}],"author":[{"embeddable":true,"href":"https:\/\/diarioregionaldigital.com.br\/index.php?rest_route=\/wp\/v2\/users\/96"}],"replies":[{"embeddable":true,"href":"https:\/\/diarioregionaldigital.com.br\/index.php?rest_route=%2Fwp%2Fv2%2Fcomments&post=91504"}],"version-history":[{"count":0,"href":"https:\/\/diarioregionaldigital.com.br\/index.php?rest_route=\/wp\/v2\/posts\/91504\/revisions"}],"wp:featuredmedia":[{"embeddable":true,"href":"https:\/\/diarioregionaldigital.com.br\/index.php?rest_route=\/wp\/v2\/media\/91503"}],"wp:attachment":[{"href":"https:\/\/diarioregionaldigital.com.br\/index.php?rest_route=%2Fwp%2Fv2%2Fmedia&parent=91504"}],"wp:term":[{"taxonomy":"category","embeddable":true,"href":"https:\/\/diarioregionaldigital.com.br\/index.php?rest_route=%2Fwp%2Fv2%2Fcategories&post=91504"},{"taxonomy":"post_tag","embeddable":true,"href":"https:\/\/diarioregionaldigital.com.br\/index.php?rest_route=%2Fwp%2Fv2%2Ftags&post=91504"}],"curies":[{"name":"wp","href":"https:\/\/api.w.org\/{rel}","templated":true}]}}