{"id":91498,"date":"2018-02-08T15:48:03","date_gmt":"2018-02-08T17:48:03","guid":{"rendered":"http:\/\/diarioregionaljf.com.br\/2018\/02\/08\/mulher-e-assaltada-a-mao-armada-no-bairro-santa-cruz\/"},"modified":"2018-02-08T15:48:03","modified_gmt":"2018-02-08T17:48:03","slug":"mulher-e-assaltada-a-mao-armada-no-bairro-santa-cruz","status":"publish","type":"post","link":"https:\/\/diarioregionaldigital.com.br\/?p=91498","title":{"rendered":"Mulher \u00e9 assaltada \u00e0 m\u00e3o armada no bairro Santa Cruz"},"content":{"rendered":"<p>Uma mulher de 38 anos foi assaltada na noite desta quarta-feira, 7, no bairro Santa Cruz, localizado na zona Norte.<\/p>\n<p>De acordo com a Pol\u00edcia Militar (PM) a mulher passava pela Rua Ant\u00f4nio mour\u00e3o Guimar\u00e3es quando foi abordada por dois indiv\u00edduos que anunciaram o assalto.<\/p>\n<p>Um dos autores amea\u00e7ou a v\u00edtima com um rev\u00f3lver e roubou seu celular.<\/p>\n<p>Ap\u00f3s o crime a dupla de assaltantes fugiu.<\/p>\n<p>A PM realizou buscas na regi\u00e3o, entretanto, os autores n\u00e3o foram localizados.<\/p>\n","protected":false},"excerpt":{"rendered":"<p>Uma mulher de 38 anos foi assaltada na noite desta quarta-feira, 7, no bairro Santa Cruz, localizado na zona Norte. De acordo com a Pol\u00edcia Militar (PM) a mulher passava pela Rua Ant\u00f4nio mour\u00e3o Guimar\u00e3es quando foi abordada por dois indiv\u00edduos que anunciaram o assalto. Um dos autores amea\u00e7ou a v\u00edtima com um rev\u00f3lver e [&hellip;]<\/p>\n","protected":false},"author":96,"featured_media":91497,"comment_status":"closed","ping_status":"closed","sticky":false,"template":"","format":"standard","meta":{"footnotes":""},"categories":[301],"tags":[],"class_list":["post-91498","post","type-post","status-publish","format-standard","has-post-thumbnail","hentry","category-artigos-policiais"],"_links":{"self":[{"href":"https:\/\/diarioregionaldigital.com.br\/index.php?rest_route=\/wp\/v2\/posts\/91498","targetHints":{"allow":["GET"]}}],"collection":[{"href":"https:\/\/diarioregionaldigital.com.br\/index.php?rest_route=\/wp\/v2\/posts"}],"about":[{"href":"https:\/\/diarioregionaldigital.com.br\/index.php?rest_route=\/wp\/v2\/types\/post"}],"author":[{"embeddable":true,"href":"https:\/\/diarioregionaldigital.com.br\/index.php?rest_route=\/wp\/v2\/users\/96"}],"replies":[{"embeddable":true,"href":"https:\/\/diarioregionaldigital.com.br\/index.php?rest_route=%2Fwp%2Fv2%2Fcomments&post=91498"}],"version-history":[{"count":0,"href":"https:\/\/diarioregionaldigital.com.br\/index.php?rest_route=\/wp\/v2\/posts\/91498\/revisions"}],"wp:featuredmedia":[{"embeddable":true,"href":"https:\/\/diarioregionaldigital.com.br\/index.php?rest_route=\/wp\/v2\/media\/91497"}],"wp:attachment":[{"href":"https:\/\/diarioregionaldigital.com.br\/index.php?rest_route=%2Fwp%2Fv2%2Fmedia&parent=91498"}],"wp:term":[{"taxonomy":"category","embeddable":true,"href":"https:\/\/diarioregionaldigital.com.br\/index.php?rest_route=%2Fwp%2Fv2%2Fcategories&post=91498"},{"taxonomy":"post_tag","embeddable":true,"href":"https:\/\/diarioregionaldigital.com.br\/index.php?rest_route=%2Fwp%2Fv2%2Ftags&post=91498"}],"curies":[{"name":"wp","href":"https:\/\/api.w.org\/{rel}","templated":true}]}}