{"id":91496,"date":"2018-02-08T13:55:16","date_gmt":"2018-02-08T15:55:16","guid":{"rendered":"http:\/\/diarioregionaljf.com.br\/2018\/02\/08\/bombeiros-evacuam-predio-no-sao-mateus-apos-moradores-relatarem-barulho-e-rachaduras\/"},"modified":"2018-02-08T13:55:16","modified_gmt":"2018-02-08T15:55:16","slug":"bombeiros-evacuam-predio-no-sao-mateus-apos-moradores-relatarem-barulho-e-rachaduras","status":"publish","type":"post","link":"https:\/\/diarioregionaldigital.com.br\/?p=91496","title":{"rendered":"Bombeiros evacuam pr\u00e9dio no S\u00e3o Mateus ap\u00f3s moradores relatarem barulho e rachaduras"},"content":{"rendered":"<p>Na madrugada desta quinta-feira, 8, moradores de um pr\u00e9dio de 7 pavimentos com 10 apartamentos, localizado na Rua Coronel Ant\u00f4nio Maria de Souza, bairro S\u00e3o Mateus, relataram que ouviram um barulho muito alto e observaram uma rachadura horizontal no 2\u00ba andar do pr\u00e9dio.<\/p>\n<p>O Corpo de Bombeiros Militar foi acionado e, por medida de precau\u00e7\u00e3o os bombeiros procederam com a evacua\u00e7\u00e3o de todo o pr\u00e9dio.<\/p>\n<p>A ocorr\u00eancia continuou em andamento e durante esta manh\u00e3. O Corpo de Bombeiros e a Defesa Civil fizeram uma avalia\u00e7\u00e3o criteriosa da estrutura, tendo o engenheiro da Defesa Civil liberado a volta dos cond\u00f4minos para o pr\u00e9dio.<\/p>\n<p>Fonte: Corpo de Bombeiros<\/p>\n","protected":false},"excerpt":{"rendered":"<p>Na madrugada desta quinta-feira, 8, moradores de um pr\u00e9dio de 7 pavimentos com 10 apartamentos, localizado na Rua Coronel Ant\u00f4nio Maria de Souza, bairro S\u00e3o Mateus, relataram que ouviram um barulho muito alto e observaram uma rachadura horizontal no 2\u00ba andar do pr\u00e9dio. O Corpo de Bombeiros Militar foi acionado e, por medida de precau\u00e7\u00e3o [&hellip;]<\/p>\n","protected":false},"author":96,"featured_media":91495,"comment_status":"closed","ping_status":"closed","sticky":false,"template":"","format":"standard","meta":{"footnotes":""},"categories":[253],"tags":[],"class_list":["post-91496","post","type-post","status-publish","format-standard","has-post-thumbnail","hentry","category-cidade"],"_links":{"self":[{"href":"https:\/\/diarioregionaldigital.com.br\/index.php?rest_route=\/wp\/v2\/posts\/91496","targetHints":{"allow":["GET"]}}],"collection":[{"href":"https:\/\/diarioregionaldigital.com.br\/index.php?rest_route=\/wp\/v2\/posts"}],"about":[{"href":"https:\/\/diarioregionaldigital.com.br\/index.php?rest_route=\/wp\/v2\/types\/post"}],"author":[{"embeddable":true,"href":"https:\/\/diarioregionaldigital.com.br\/index.php?rest_route=\/wp\/v2\/users\/96"}],"replies":[{"embeddable":true,"href":"https:\/\/diarioregionaldigital.com.br\/index.php?rest_route=%2Fwp%2Fv2%2Fcomments&post=91496"}],"version-history":[{"count":0,"href":"https:\/\/diarioregionaldigital.com.br\/index.php?rest_route=\/wp\/v2\/posts\/91496\/revisions"}],"wp:featuredmedia":[{"embeddable":true,"href":"https:\/\/diarioregionaldigital.com.br\/index.php?rest_route=\/wp\/v2\/media\/91495"}],"wp:attachment":[{"href":"https:\/\/diarioregionaldigital.com.br\/index.php?rest_route=%2Fwp%2Fv2%2Fmedia&parent=91496"}],"wp:term":[{"taxonomy":"category","embeddable":true,"href":"https:\/\/diarioregionaldigital.com.br\/index.php?rest_route=%2Fwp%2Fv2%2Fcategories&post=91496"},{"taxonomy":"post_tag","embeddable":true,"href":"https:\/\/diarioregionaldigital.com.br\/index.php?rest_route=%2Fwp%2Fv2%2Ftags&post=91496"}],"curies":[{"name":"wp","href":"https:\/\/api.w.org\/{rel}","templated":true}]}}