{"id":91494,"date":"2018-02-08T13:47:26","date_gmt":"2018-02-08T15:47:26","guid":{"rendered":"http:\/\/diarioregionaljf.com.br\/2018\/02\/08\/corpo-de-bombeiros-abre-concurso-com-30-vagas-para-oficiais\/"},"modified":"2018-02-08T13:47:26","modified_gmt":"2018-02-08T15:47:26","slug":"corpo-de-bombeiros-abre-concurso-com-30-vagas-para-oficiais","status":"publish","type":"post","link":"https:\/\/diarioregionaldigital.com.br\/?p=91494","title":{"rendered":"Corpo de Bombeiros abre concurso com 30 vagas para oficiais"},"content":{"rendered":"<p>Com edital publicado, est\u00e1 aberto o concurso p\u00fablico para admiss\u00e3o no Curso de Forma\u00e7\u00e3o de Oficiais (CFO BM) do Corpo de Bombeiros militar de Minas Gerais para o ano de 2019. S\u00e3o 30 vagas ofertadas, sendo 27 para candidatos do sexo masculino e 3 vagas para candidatas do sexo feminino. A remunera\u00e7\u00e3o inicial da carreira \u00e9 fixada em R$ 5.769,42.<\/p>\n<p>O concurso ser\u00e1 gerenciado pela Academia de Bombeiros Militar (ABM), por meio da Divis\u00e3o de concursos, sendo a primeira fase executada pela Funda\u00e7\u00e3o de Desenvolvimento da Pesquisa (Fundep). As inscri\u00e7\u00f5es podem ser efetuadas de 9 de abril a 9 de maio de 2018, com taxa de R$ 177,49, pelo site &#8211; <a href=\"http:\/\/www.gestaodeconcursos.com.br\/\">http:\/\/www.gestaodeconcursos.com.br\/<\/a>.<\/p>\n<p>O candidato que tiver dificuldades de acesso \u00e0 internet poder\u00e1 comparecer, durante o per\u00edodo de inscri\u00e7\u00e3o, diretamente nos endere\u00e7os descritos no edital, apenas de segunda a sexta-feira, no hor\u00e1rio das 8h30 \u00e0s 12h e das 13h30 \u00e0s 16h30.<\/p>\n<p><span style=\"font-size: 18pt;\">Requisitos<\/span><\/p>\n<p>S\u00e3o requisitos previstos para ingresso no Curso de Forma\u00e7\u00e3o de Oficiais do Corpo de Bombeiros Militar de Minas Gerais:<\/p>\n<p>&#8211; ser brasileiro nato;<br \/>&#8211; possuir idoneidade moral;<br \/>&#8211; estar quite com as obriga\u00e7\u00f5es eleitorais e militares;<br \/>&#8211; ter entre 18 e 30 anos de idade na data de inclus\u00e3o prevista para 1\u00ba de fevereiro de 2019;<br \/>&#8211; ter, no m\u00ednimo, o ensino m\u00e9dio completo ou equivalente at\u00e9 a data de inclus\u00e3o;<br \/>&#8211; ter altura m\u00ednima de 1,60m;<br \/>&#8211; ter aptid\u00e3o f\u00edsica;<br \/>&#8211; ser aprovado em avalia\u00e7\u00e3o psicol\u00f3gica e toxicol\u00f3gica;<br \/>&#8211; ter sanidade f\u00edsica e mental;<br \/>&#8211; n\u00e3o apresentar, quando em uso dos diversos uniformes, tatuagem vis\u00edvel que seja, por seu significado, incompat\u00edvel com o exerc\u00edcio das atividades de bombeiro militar;<br \/>&#8211; n\u00e3o ter dado baixa por ?mau comportamento? ou conceito incompat\u00edvel, nos termos do Regulamento Disciplinar de outra institui\u00e7\u00e3o militar estadual ou das For\u00e7as Armadas;<br \/>&#8211; n\u00e3o ter sido exonerado ou demitido da PMMG ou do CBMMG, com base no art. 146, incisos II, III, IV ou V, letra ?a? e caput do art. 147, da Lei N\u00ba 5.301, de 16\/10\/1969.<\/p>\n<p><span style=\"font-size: 18pt;\">Provas<\/span><\/p>\n<p>O concurso contar\u00e1 com quatro fases, sendo:<\/p>\n<p>&#8211; 1\u00aa Fase; Prova objetiva e Prova de reda\u00e7\u00e3o (Classificat\u00f3rio e Eliminat\u00f3rio);<br \/>&#8211; 2\u00aa Fase, Exames M\u00e9dicos Preliminares e Complementares e Teste Psicol\u00f3gico (Eliminat\u00f3rio);<br \/>&#8211; 3\u00aa Fase, Teste de Capacita\u00e7\u00e3o F\u00edsica (TCF), (Classificat\u00f3rio e Eliminat\u00f3rio) e Habilidades Natat\u00f3rias (Eliminat\u00f3rio);<br \/>&#8211; 4\u00aa Fase, Exame toxicol\u00f3gico (Eliminat\u00f3rio).<\/p>\n<p>A Prova Objetiva ocorrer\u00e1 em 10 de junho, em locais e hor\u00e1rios a serem ainda divulgados, composta por 50 quest\u00f5es de m\u00faltipla escolha, referente ao Ensino M\u00e9dio, valendo 2,0 pontos cada quest\u00e3o, sendo 5 quest\u00f5es de cada mat\u00e9ria: L\u00edngua Portuguesa; Literatura Brasileira; Matem\u00e1tica; Geografia; Hist\u00f3ria; Direitos Humanos; Qu\u00edmica; Biologia; F\u00edsica; L\u00edngua Estrangeira &#8211; Ingl\u00eas ou Espanhol. A reda\u00e7\u00e3o versar\u00e1 sobre tema contempor\u00e2neo de conhecimento geral, no valor de 10 pontos.<\/p>\n<p>O concurso ter\u00e1 validade de 30 dias, sendo prorrog\u00e1vel por igual per\u00edodo, contado a partir da data da publica\u00e7\u00e3o do resultado final e convoca\u00e7\u00e3o para matr\u00edcula.<\/p>\n<p>Fonte: Ache Concursos<\/p>\n","protected":false},"excerpt":{"rendered":"<p>Com edital publicado, est\u00e1 aberto o concurso p\u00fablico para admiss\u00e3o no Curso de Forma\u00e7\u00e3o de Oficiais (CFO BM) do Corpo de Bombeiros militar de Minas Gerais para o ano de 2019. S\u00e3o 30 vagas ofertadas, sendo 27 para candidatos do sexo masculino e 3 vagas para candidatas do sexo feminino. A remunera\u00e7\u00e3o inicial da carreira [&hellip;]<\/p>\n","protected":false},"author":96,"featured_media":91493,"comment_status":"closed","ping_status":"closed","sticky":false,"template":"","format":"standard","meta":{"footnotes":""},"categories":[280],"tags":[],"class_list":["post-91494","post","type-post","status-publish","format-standard","has-post-thumbnail","hentry","category-concurso"],"_links":{"self":[{"href":"https:\/\/diarioregionaldigital.com.br\/index.php?rest_route=\/wp\/v2\/posts\/91494","targetHints":{"allow":["GET"]}}],"collection":[{"href":"https:\/\/diarioregionaldigital.com.br\/index.php?rest_route=\/wp\/v2\/posts"}],"about":[{"href":"https:\/\/diarioregionaldigital.com.br\/index.php?rest_route=\/wp\/v2\/types\/post"}],"author":[{"embeddable":true,"href":"https:\/\/diarioregionaldigital.com.br\/index.php?rest_route=\/wp\/v2\/users\/96"}],"replies":[{"embeddable":true,"href":"https:\/\/diarioregionaldigital.com.br\/index.php?rest_route=%2Fwp%2Fv2%2Fcomments&post=91494"}],"version-history":[{"count":0,"href":"https:\/\/diarioregionaldigital.com.br\/index.php?rest_route=\/wp\/v2\/posts\/91494\/revisions"}],"wp:featuredmedia":[{"embeddable":true,"href":"https:\/\/diarioregionaldigital.com.br\/index.php?rest_route=\/wp\/v2\/media\/91493"}],"wp:attachment":[{"href":"https:\/\/diarioregionaldigital.com.br\/index.php?rest_route=%2Fwp%2Fv2%2Fmedia&parent=91494"}],"wp:term":[{"taxonomy":"category","embeddable":true,"href":"https:\/\/diarioregionaldigital.com.br\/index.php?rest_route=%2Fwp%2Fv2%2Fcategories&post=91494"},{"taxonomy":"post_tag","embeddable":true,"href":"https:\/\/diarioregionaldigital.com.br\/index.php?rest_route=%2Fwp%2Fv2%2Ftags&post=91494"}],"curies":[{"name":"wp","href":"https:\/\/api.w.org\/{rel}","templated":true}]}}