{"id":91492,"date":"2018-02-08T13:00:43","date_gmt":"2018-02-08T15:00:43","guid":{"rendered":"http:\/\/diarioregionaljf.com.br\/2018\/02\/08\/pm-utiliza-spray-de-pimenta-para-realizar-buscas-em-suspeitos-no-centro\/"},"modified":"2018-02-08T13:00:43","modified_gmt":"2018-02-08T15:00:43","slug":"pm-utiliza-spray-de-pimenta-para-realizar-buscas-em-suspeitos-no-centro","status":"publish","type":"post","link":"https:\/\/diarioregionaldigital.com.br\/?p=91492","title":{"rendered":"PM utiliza spray de pimenta para realizar buscas em suspeitos no centro"},"content":{"rendered":"<p>A Pol\u00edcia Militar (PM) prendeu um jovem de 20 anos e um homem de 31, por porte ilegal de arma e desobedi\u00eancia a ordem legal e resist\u00eancia. A a\u00e7\u00e3o ocorreu na madrugada desta quinta-feira, 8.<\/p>\n<p>De acordo com o registro de ocorr\u00eancias, os autores estavam em atitude suspeita na Rua Benjamin Constant. Ao visualizarem a viatura da pol\u00edcia tamb\u00e9m apresentaram nervosismo.<\/p>\n<p>Os policiais ent\u00e3o realizaram abordagem nos indiv\u00edduos Com o jovem de 20 anos encontraram uma faca. Ao revistarem o homem de 31 anos, o mesmo resistiu a abordagem, sendo necess\u00e1rio a utiliza\u00e7\u00e3o de spray de pimenta para control\u00e1-lo. Os policiais conseguiram revist\u00e1-lo, entretanto n\u00e3o encontraram nada.<\/p>\n<p>O jovem de 20 anos recebeu voz de pris\u00e3o pela contraven\u00e7\u00e3o de porte de arma branca e ao homem de 31 anos foi dada voz de pris\u00e3o por desobedi\u00eancia a ordem legal e resist\u00eancia.<\/p>\n<p>A faca encontrada foi apreendida. Os suspeitos foram encaminhados para delegacia.<\/p>\n","protected":false},"excerpt":{"rendered":"<p>A Pol\u00edcia Militar (PM) prendeu um jovem de 20 anos e um homem de 31, por porte ilegal de arma e desobedi\u00eancia a ordem legal e resist\u00eancia. A a\u00e7\u00e3o ocorreu na madrugada desta quinta-feira, 8. De acordo com o registro de ocorr\u00eancias, os autores estavam em atitude suspeita na Rua Benjamin Constant. Ao visualizarem a [&hellip;]<\/p>\n","protected":false},"author":96,"featured_media":91491,"comment_status":"closed","ping_status":"closed","sticky":false,"template":"","format":"standard","meta":{"footnotes":""},"categories":[301],"tags":[],"class_list":["post-91492","post","type-post","status-publish","format-standard","has-post-thumbnail","hentry","category-artigos-policiais"],"_links":{"self":[{"href":"https:\/\/diarioregionaldigital.com.br\/index.php?rest_route=\/wp\/v2\/posts\/91492","targetHints":{"allow":["GET"]}}],"collection":[{"href":"https:\/\/diarioregionaldigital.com.br\/index.php?rest_route=\/wp\/v2\/posts"}],"about":[{"href":"https:\/\/diarioregionaldigital.com.br\/index.php?rest_route=\/wp\/v2\/types\/post"}],"author":[{"embeddable":true,"href":"https:\/\/diarioregionaldigital.com.br\/index.php?rest_route=\/wp\/v2\/users\/96"}],"replies":[{"embeddable":true,"href":"https:\/\/diarioregionaldigital.com.br\/index.php?rest_route=%2Fwp%2Fv2%2Fcomments&post=91492"}],"version-history":[{"count":0,"href":"https:\/\/diarioregionaldigital.com.br\/index.php?rest_route=\/wp\/v2\/posts\/91492\/revisions"}],"wp:featuredmedia":[{"embeddable":true,"href":"https:\/\/diarioregionaldigital.com.br\/index.php?rest_route=\/wp\/v2\/media\/91491"}],"wp:attachment":[{"href":"https:\/\/diarioregionaldigital.com.br\/index.php?rest_route=%2Fwp%2Fv2%2Fmedia&parent=91492"}],"wp:term":[{"taxonomy":"category","embeddable":true,"href":"https:\/\/diarioregionaldigital.com.br\/index.php?rest_route=%2Fwp%2Fv2%2Fcategories&post=91492"},{"taxonomy":"post_tag","embeddable":true,"href":"https:\/\/diarioregionaldigital.com.br\/index.php?rest_route=%2Fwp%2Fv2%2Ftags&post=91492"}],"curies":[{"name":"wp","href":"https:\/\/api.w.org\/{rel}","templated":true}]}}