{"id":91490,"date":"2018-02-08T11:21:12","date_gmt":"2018-02-08T13:21:12","guid":{"rendered":"http:\/\/diarioregionaljf.com.br\/2018\/02\/08\/distribuidora-de-gas-e-assaltada-por-dupla-com-facas-no-bairro-ponte-preta\/"},"modified":"2018-02-08T11:21:12","modified_gmt":"2018-02-08T13:21:12","slug":"distribuidora-de-gas-e-assaltada-por-dupla-com-facas-no-bairro-ponte-preta","status":"publish","type":"post","link":"https:\/\/diarioregionaldigital.com.br\/?p=91490","title":{"rendered":"Distribuidora de g\u00e1s \u00e9 assaltada por dupla com facas no bairro Ponte Preta"},"content":{"rendered":"<p>Uma distribuidora de g\u00e1s foi assaltada na tarde desta quarta-feira, 7, no bairro Ponte Preta, zona Norte da cidade. O estabelecimento fica localizado na Avenida F\u00e9rrea.<\/p>\n<p>Segundo informa\u00e7\u00f5es da Pol\u00edcia Militar (PM), dois funcion\u00e1rios, de 26 e 33 anos, trabalhavam no estabelecimento quando foram surpreendidos por dois indiv\u00edduos que invadiram o local e anunciaram o assalto.<\/p>\n<p>Os autores estavam armados com facas e ap\u00f3s amea\u00e7as roubaram a quantia de R$280 do estabelecimento, al\u00e9m de R$45 e os celulares das duas v\u00edtimas.<\/p>\n<p>A PM foi acionada e realizou rastreamentos pela regi\u00e3o. Um dos autores, de 20 anos, foi reconhecido e preso. Uma das facas utilizadas no crime foi apreendida.<\/p>\n<p>O dinheiro e os celulares roubados n\u00e3o foram recuperados.<\/p>\n","protected":false},"excerpt":{"rendered":"<p>Uma distribuidora de g\u00e1s foi assaltada na tarde desta quarta-feira, 7, no bairro Ponte Preta, zona Norte da cidade. O estabelecimento fica localizado na Avenida F\u00e9rrea. Segundo informa\u00e7\u00f5es da Pol\u00edcia Militar (PM), dois funcion\u00e1rios, de 26 e 33 anos, trabalhavam no estabelecimento quando foram surpreendidos por dois indiv\u00edduos que invadiram o local e anunciaram o [&hellip;]<\/p>\n","protected":false},"author":96,"featured_media":91489,"comment_status":"closed","ping_status":"closed","sticky":false,"template":"","format":"standard","meta":{"footnotes":""},"categories":[301],"tags":[],"class_list":["post-91490","post","type-post","status-publish","format-standard","has-post-thumbnail","hentry","category-artigos-policiais"],"_links":{"self":[{"href":"https:\/\/diarioregionaldigital.com.br\/index.php?rest_route=\/wp\/v2\/posts\/91490","targetHints":{"allow":["GET"]}}],"collection":[{"href":"https:\/\/diarioregionaldigital.com.br\/index.php?rest_route=\/wp\/v2\/posts"}],"about":[{"href":"https:\/\/diarioregionaldigital.com.br\/index.php?rest_route=\/wp\/v2\/types\/post"}],"author":[{"embeddable":true,"href":"https:\/\/diarioregionaldigital.com.br\/index.php?rest_route=\/wp\/v2\/users\/96"}],"replies":[{"embeddable":true,"href":"https:\/\/diarioregionaldigital.com.br\/index.php?rest_route=%2Fwp%2Fv2%2Fcomments&post=91490"}],"version-history":[{"count":0,"href":"https:\/\/diarioregionaldigital.com.br\/index.php?rest_route=\/wp\/v2\/posts\/91490\/revisions"}],"wp:featuredmedia":[{"embeddable":true,"href":"https:\/\/diarioregionaldigital.com.br\/index.php?rest_route=\/wp\/v2\/media\/91489"}],"wp:attachment":[{"href":"https:\/\/diarioregionaldigital.com.br\/index.php?rest_route=%2Fwp%2Fv2%2Fmedia&parent=91490"}],"wp:term":[{"taxonomy":"category","embeddable":true,"href":"https:\/\/diarioregionaldigital.com.br\/index.php?rest_route=%2Fwp%2Fv2%2Fcategories&post=91490"},{"taxonomy":"post_tag","embeddable":true,"href":"https:\/\/diarioregionaldigital.com.br\/index.php?rest_route=%2Fwp%2Fv2%2Ftags&post=91490"}],"curies":[{"name":"wp","href":"https:\/\/api.w.org\/{rel}","templated":true}]}}