{"id":91488,"date":"2018-02-08T11:08:01","date_gmt":"2018-02-08T13:08:01","guid":{"rendered":"http:\/\/diarioregionaljf.com.br\/2018\/02\/08\/mulher-e-agredida-e-assaltada-por-tres-homens-no-centro-da-cidade\/"},"modified":"2018-02-08T11:08:01","modified_gmt":"2018-02-08T13:08:01","slug":"mulher-e-agredida-e-assaltada-por-tres-homens-no-centro-da-cidade","status":"publish","type":"post","link":"https:\/\/diarioregionaldigital.com.br\/?p=91488","title":{"rendered":"Mulher \u00e9 agredida e assaltada por tr\u00eas homens no centro da cidade"},"content":{"rendered":"<p>Uma mulher de 47 anos foi v\u00edtima de agress\u00e3o e roubo no in\u00edcio da madrugada desta quinta-feira, 8, na regi\u00e3o central de Juiz de Fora.<\/p>\n<p>De acordo com o registro de ocorr\u00eancias da Pol\u00edcia Militar (PM), a mulher encontrava-se na Rua Jarbas de Lery, quando foi abordada por tr\u00eas indiv\u00edduos que anunciaram o assalto.<\/p>\n<p>Os tr\u00eas autores usaram de for\u00e7a f\u00edsica para puxar a mulher, come\u00e7aram a agredi-la e roubaram sua bolsa. Ap\u00f3s o crime fugiram em dire\u00e7\u00e3o \u00e0 Pra\u00e7a da Esta\u00e7\u00e3o.<\/p>\n<p>A PM foi acionada e iniciou o rastreamento pela regi\u00e3o central da cidade. Um dos autores, um homem de 35 anos, foi reconhecido e preso. Os materiais roubados n\u00e3o foram encontrados.<\/p>\n<p>A mulher foi encaminhada para o Hospital de Pronto Socorro (HPS) onde segue internada.<\/p>\n","protected":false},"excerpt":{"rendered":"<p>Uma mulher de 47 anos foi v\u00edtima de agress\u00e3o e roubo no in\u00edcio da madrugada desta quinta-feira, 8, na regi\u00e3o central de Juiz de Fora. De acordo com o registro de ocorr\u00eancias da Pol\u00edcia Militar (PM), a mulher encontrava-se na Rua Jarbas de Lery, quando foi abordada por tr\u00eas indiv\u00edduos que anunciaram o assalto. Os [&hellip;]<\/p>\n","protected":false},"author":96,"featured_media":91487,"comment_status":"closed","ping_status":"closed","sticky":false,"template":"","format":"standard","meta":{"footnotes":""},"categories":[301],"tags":[],"class_list":["post-91488","post","type-post","status-publish","format-standard","has-post-thumbnail","hentry","category-artigos-policiais"],"_links":{"self":[{"href":"https:\/\/diarioregionaldigital.com.br\/index.php?rest_route=\/wp\/v2\/posts\/91488","targetHints":{"allow":["GET"]}}],"collection":[{"href":"https:\/\/diarioregionaldigital.com.br\/index.php?rest_route=\/wp\/v2\/posts"}],"about":[{"href":"https:\/\/diarioregionaldigital.com.br\/index.php?rest_route=\/wp\/v2\/types\/post"}],"author":[{"embeddable":true,"href":"https:\/\/diarioregionaldigital.com.br\/index.php?rest_route=\/wp\/v2\/users\/96"}],"replies":[{"embeddable":true,"href":"https:\/\/diarioregionaldigital.com.br\/index.php?rest_route=%2Fwp%2Fv2%2Fcomments&post=91488"}],"version-history":[{"count":0,"href":"https:\/\/diarioregionaldigital.com.br\/index.php?rest_route=\/wp\/v2\/posts\/91488\/revisions"}],"wp:featuredmedia":[{"embeddable":true,"href":"https:\/\/diarioregionaldigital.com.br\/index.php?rest_route=\/wp\/v2\/media\/91487"}],"wp:attachment":[{"href":"https:\/\/diarioregionaldigital.com.br\/index.php?rest_route=%2Fwp%2Fv2%2Fmedia&parent=91488"}],"wp:term":[{"taxonomy":"category","embeddable":true,"href":"https:\/\/diarioregionaldigital.com.br\/index.php?rest_route=%2Fwp%2Fv2%2Fcategories&post=91488"},{"taxonomy":"post_tag","embeddable":true,"href":"https:\/\/diarioregionaldigital.com.br\/index.php?rest_route=%2Fwp%2Fv2%2Ftags&post=91488"}],"curies":[{"name":"wp","href":"https:\/\/api.w.org\/{rel}","templated":true}]}}