{"id":91486,"date":"2018-02-07T22:46:18","date_gmt":"2018-02-08T00:46:18","guid":{"rendered":"http:\/\/diarioregionaljf.com.br\/2018\/02\/07\/7-volta-feminina-do-brasil-acontece-em-sao-carlos-no-carnaval\/"},"modified":"2018-02-07T22:46:18","modified_gmt":"2018-02-08T00:46:18","slug":"7-volta-feminina-do-brasil-acontece-em-sao-carlos-no-carnaval","status":"publish","type":"post","link":"https:\/\/diarioregionaldigital.com.br\/?p=91486","title":{"rendered":"7\u00aa Volta Feminina do Brasil acontece em S\u00e3o Carlos, no Carnaval"},"content":{"rendered":"<p>Mesmo durante o Carnaval, centenas de brasileiras n\u00e3o deixar\u00e3o de pedalar na 7\u00aa Volta Feminina do Brasil, evento destinado para atletas de elite, sub-23 e m\u00e1ster, em S\u00e3o Carlos (SP). Al\u00e9m delas,&nbsp;ciclistas da nova gera\u00e7\u00e3o, de 12 a 18 anos, masculino e feminino, participar\u00e3o da&nbsp;12\u00aa Volta Cicl\u00edstica do Futuro, sediada no mesmo local e realizada nos mesmos dias.<\/p>\n<p>A principal competi\u00e7\u00e3o voltada ao p\u00fablico feminino da modalidade no Pa\u00eds quer valorizar as atletas nacionais. Na ocasi\u00e3o, etapas de contrarrel\u00f3gio, circuito e estrada ser\u00e3o disputadas.<\/p>\n<p>No pr\u00f3ximo domingo, 11, as provas de estrada e de contrarrel\u00f3gio (5,5Km), no Parque Eco Esportivo Damha, d\u00e3o in\u00edcio \u00e0s disputas. No dia seguinte, as atletas voltam a disputar estrada, desta vez no Distrito de \u00c1gua Vermelha e Santa Eud\u00f3xia. Finalmente,&nbsp;na ter\u00e7a-feira, a \u00faltima etapa ser\u00e1 um circuito estrada de 8,5Km.<\/p>\n<p>Com provas tamb\u00e9m no Parque Eco Esportivo do Damha, a Volta do Futuro tem o objetivo de revelar valores para o esporte e ampliar a base da modalidade. As principais equipes brasileiras ter\u00e3o representantes na disputa, o que promete elevar o n\u00edvel t\u00e9cnico da competi\u00e7\u00e3o.<\/p>\n","protected":false},"excerpt":{"rendered":"<p>Mesmo durante o Carnaval, centenas de brasileiras n\u00e3o deixar\u00e3o de pedalar na 7\u00aa Volta Feminina do Brasil, evento destinado para atletas de elite, sub-23 e m\u00e1ster, em S\u00e3o Carlos (SP). Al\u00e9m delas,&nbsp;ciclistas da nova gera\u00e7\u00e3o, de 12 a 18 anos, masculino e feminino, participar\u00e3o da&nbsp;12\u00aa Volta Cicl\u00edstica do Futuro, sediada no mesmo local e realizada [&hellip;]<\/p>\n","protected":false},"author":96,"featured_media":91485,"comment_status":"closed","ping_status":"closed","sticky":false,"template":"","format":"standard","meta":{"footnotes":""},"categories":[257],"tags":[],"class_list":["post-91486","post","type-post","status-publish","format-standard","has-post-thumbnail","hentry","category-esporte"],"_links":{"self":[{"href":"https:\/\/diarioregionaldigital.com.br\/index.php?rest_route=\/wp\/v2\/posts\/91486","targetHints":{"allow":["GET"]}}],"collection":[{"href":"https:\/\/diarioregionaldigital.com.br\/index.php?rest_route=\/wp\/v2\/posts"}],"about":[{"href":"https:\/\/diarioregionaldigital.com.br\/index.php?rest_route=\/wp\/v2\/types\/post"}],"author":[{"embeddable":true,"href":"https:\/\/diarioregionaldigital.com.br\/index.php?rest_route=\/wp\/v2\/users\/96"}],"replies":[{"embeddable":true,"href":"https:\/\/diarioregionaldigital.com.br\/index.php?rest_route=%2Fwp%2Fv2%2Fcomments&post=91486"}],"version-history":[{"count":0,"href":"https:\/\/diarioregionaldigital.com.br\/index.php?rest_route=\/wp\/v2\/posts\/91486\/revisions"}],"wp:featuredmedia":[{"embeddable":true,"href":"https:\/\/diarioregionaldigital.com.br\/index.php?rest_route=\/wp\/v2\/media\/91485"}],"wp:attachment":[{"href":"https:\/\/diarioregionaldigital.com.br\/index.php?rest_route=%2Fwp%2Fv2%2Fmedia&parent=91486"}],"wp:term":[{"taxonomy":"category","embeddable":true,"href":"https:\/\/diarioregionaldigital.com.br\/index.php?rest_route=%2Fwp%2Fv2%2Fcategories&post=91486"},{"taxonomy":"post_tag","embeddable":true,"href":"https:\/\/diarioregionaldigital.com.br\/index.php?rest_route=%2Fwp%2Fv2%2Ftags&post=91486"}],"curies":[{"name":"wp","href":"https:\/\/api.w.org\/{rel}","templated":true}]}}