{"id":91484,"date":"2018-02-07T22:43:00","date_gmt":"2018-02-08T00:43:00","guid":{"rendered":"http:\/\/diarioregionaljf.com.br\/2018\/02\/07\/campeonato-mineiro-2018-ja-esta-na-metade-da-fase-classificatoria\/"},"modified":"2018-02-07T22:43:00","modified_gmt":"2018-02-08T00:43:00","slug":"campeonato-mineiro-2018-ja-esta-na-metade-da-fase-classificatoria","status":"publish","type":"post","link":"https:\/\/diarioregionaldigital.com.br\/?p=91484","title":{"rendered":"Campeonato Mineiro 2018 J\u00e1 est\u00e1 na metade da fase classificat\u00f3ria"},"content":{"rendered":"<p>Chegamos \u00e0 metade da fase classificat\u00f3ria do Campeonato Mineiro. A 6\u00aa rodada ser\u00e1 aberta na pr\u00f3xima quinta-feira, 8, com um jogo isolado, no Parque do Sabi\u00e1, em Uberl\u00e2ndia. Na oitava coloca\u00e7\u00e3o, com seis pontos e brigando pela vaga nas oitavas, os donos da casa recebem o Am\u00e9rica, segundo colocado, com dez pontos. A partida acontece \u00e0s 20h15, com transmiss\u00e3o pelo SporTV.<\/p>\n<p>Na sexta-feira, 9, mais dois jogos movimentam a rodada. Na Zona da Mata, o Tupi (12\u00ba) recebe o CAP, nono colocado com seis pontos, \u00e0s 20h, no M\u00e1rio Hel\u00eanio. O Galo Carij\u00f3 tem apenas uma vit\u00f3ria nas cinco primeiras rodadas e precisa vencer para se livrar da inc\u00f4moda \u00faltima coloca\u00e7\u00e3o. No Vale do Rio Doce, o Democrata-GV recebe o Cruzeiro, \u00e0s 21h30, no Mammoud Abbas, em Governador Valadares. A Pantera ocupa a 11\u00aa coloca\u00e7\u00e3o e, com o apoio da sua apaixonada torcida, vai pra cima da Raposa, l\u00edder do Mineiro Sicoob 2018.<\/p>\n<p>A rodada se encerra com tr\u00eas jogos no s\u00e1bado de Carnaval. Pela manh\u00e3, o Boa (6\u00ba) recebe o Tombense (5\u00ba), \u00e0s 11h, no Mel\u00e3o, em Varginha. Os dois somam sete pontos, mas a \u00c1guia supera a Coruja em n\u00famero de gols pr\u00f3, s\u00e3o quatro contra dois. \u00c0 tarde, o Villa Nova (7\u00ba) recebe a URT (4\u00ba), \u00e0s 16h, no Al\u00e7ap\u00e3o do Bonfim, em Nova Lima. \u00c0s 16h30, O Atl\u00e9tico (3\u00ba) joga contra a Caldense (10\u00ba), \u00e0s 16h30, na Arena Independ\u00eancia, em Belo Horizonte.<\/p>\n<p> Na briga para artilharia do Estadual, Rafinha, meio de campo do Cruzeiro, vem se destacando e j\u00e1 balan\u00e7ou as redes em quatro oportunidades. Em segundo lugar na corrida est\u00e1 Daniel Amorim, atacante do Tombense, com tr\u00eas tentos conferidos at\u00e9 ent\u00e3o.&nbsp; <\/p>\n","protected":false},"excerpt":{"rendered":"<p>Chegamos \u00e0 metade da fase classificat\u00f3ria do Campeonato Mineiro. A 6\u00aa rodada ser\u00e1 aberta na pr\u00f3xima quinta-feira, 8, com um jogo isolado, no Parque do Sabi\u00e1, em Uberl\u00e2ndia. Na oitava coloca\u00e7\u00e3o, com seis pontos e brigando pela vaga nas oitavas, os donos da casa recebem o Am\u00e9rica, segundo colocado, com dez pontos. A partida acontece [&hellip;]<\/p>\n","protected":false},"author":96,"featured_media":91483,"comment_status":"closed","ping_status":"closed","sticky":false,"template":"","format":"standard","meta":{"footnotes":""},"categories":[257],"tags":[],"class_list":["post-91484","post","type-post","status-publish","format-standard","has-post-thumbnail","hentry","category-esporte"],"_links":{"self":[{"href":"https:\/\/diarioregionaldigital.com.br\/index.php?rest_route=\/wp\/v2\/posts\/91484","targetHints":{"allow":["GET"]}}],"collection":[{"href":"https:\/\/diarioregionaldigital.com.br\/index.php?rest_route=\/wp\/v2\/posts"}],"about":[{"href":"https:\/\/diarioregionaldigital.com.br\/index.php?rest_route=\/wp\/v2\/types\/post"}],"author":[{"embeddable":true,"href":"https:\/\/diarioregionaldigital.com.br\/index.php?rest_route=\/wp\/v2\/users\/96"}],"replies":[{"embeddable":true,"href":"https:\/\/diarioregionaldigital.com.br\/index.php?rest_route=%2Fwp%2Fv2%2Fcomments&post=91484"}],"version-history":[{"count":0,"href":"https:\/\/diarioregionaldigital.com.br\/index.php?rest_route=\/wp\/v2\/posts\/91484\/revisions"}],"wp:featuredmedia":[{"embeddable":true,"href":"https:\/\/diarioregionaldigital.com.br\/index.php?rest_route=\/wp\/v2\/media\/91483"}],"wp:attachment":[{"href":"https:\/\/diarioregionaldigital.com.br\/index.php?rest_route=%2Fwp%2Fv2%2Fmedia&parent=91484"}],"wp:term":[{"taxonomy":"category","embeddable":true,"href":"https:\/\/diarioregionaldigital.com.br\/index.php?rest_route=%2Fwp%2Fv2%2Fcategories&post=91484"},{"taxonomy":"post_tag","embeddable":true,"href":"https:\/\/diarioregionaldigital.com.br\/index.php?rest_route=%2Fwp%2Fv2%2Ftags&post=91484"}],"curies":[{"name":"wp","href":"https:\/\/api.w.org\/{rel}","templated":true}]}}