{"id":91482,"date":"2018-02-07T22:39:35","date_gmt":"2018-02-08T00:39:35","guid":{"rendered":"http:\/\/diarioregionaljf.com.br\/2018\/02\/07\/america-representa-minas-no-brasileiro-feminino-a-2\/"},"modified":"2018-02-07T22:39:35","modified_gmt":"2018-02-08T00:39:35","slug":"america-representa-minas-no-brasileiro-feminino-a-2","status":"publish","type":"post","link":"https:\/\/diarioregionaldigital.com.br\/?p=91482","title":{"rendered":"Am\u00e9rica representa Minas no Brasileiro Feminino A-2"},"content":{"rendered":"<p>A CBF divulgou, nesta quarta-feira, 7, a tabela b\u00e1sica e o Regulamento Espec\u00edfico da Competi\u00e7\u00e3o (REC) do Campeonato Brasileiro Feminino A-2. \u00danico clube mineiro que possui uma equipe feminina profissional, o Am\u00e9rica ser\u00e1 o representante do estado na disputa.<\/p>\n<p>As Coelhinhas entram na Fase Preliminar da competi\u00e7\u00e3o e enfrentam o Porto, de Rond\u00f4nia, por um lugar na pr\u00f3xima etapa. O confronto ser\u00e1 realizado em jogo \u00fanico. Em caso de empate no tempo regulamentar, o vencedor ser\u00e1 conhecido atrav\u00e9s das cobran\u00e7as de p\u00eanaltis. Em fun\u00e7\u00e3o da classifica\u00e7\u00e3o da FMF no ranking de federa\u00e7\u00f5es da CBF, o Am\u00e9rica jogar\u00e1 o duelo como mandante.&nbsp;<\/p>\n<p>A partida ainda n\u00e3o tem data e hor\u00e1rios definidos, mas, de acordo com a previs\u00e3o da entidade m\u00e1xima do futebol brasileiro, ser\u00e1 realizada entre os dias 24 a 26 de mar\u00e7o.&nbsp;<\/p>\n<p><strong>Fonte: FMF<\/strong><\/p>\n","protected":false},"excerpt":{"rendered":"<p>A CBF divulgou, nesta quarta-feira, 7, a tabela b\u00e1sica e o Regulamento Espec\u00edfico da Competi\u00e7\u00e3o (REC) do Campeonato Brasileiro Feminino A-2. \u00danico clube mineiro que possui uma equipe feminina profissional, o Am\u00e9rica ser\u00e1 o representante do estado na disputa. As Coelhinhas entram na Fase Preliminar da competi\u00e7\u00e3o e enfrentam o Porto, de Rond\u00f4nia, por um [&hellip;]<\/p>\n","protected":false},"author":96,"featured_media":91481,"comment_status":"closed","ping_status":"closed","sticky":false,"template":"","format":"standard","meta":{"footnotes":""},"categories":[257],"tags":[],"class_list":["post-91482","post","type-post","status-publish","format-standard","has-post-thumbnail","hentry","category-esporte"],"_links":{"self":[{"href":"https:\/\/diarioregionaldigital.com.br\/index.php?rest_route=\/wp\/v2\/posts\/91482","targetHints":{"allow":["GET"]}}],"collection":[{"href":"https:\/\/diarioregionaldigital.com.br\/index.php?rest_route=\/wp\/v2\/posts"}],"about":[{"href":"https:\/\/diarioregionaldigital.com.br\/index.php?rest_route=\/wp\/v2\/types\/post"}],"author":[{"embeddable":true,"href":"https:\/\/diarioregionaldigital.com.br\/index.php?rest_route=\/wp\/v2\/users\/96"}],"replies":[{"embeddable":true,"href":"https:\/\/diarioregionaldigital.com.br\/index.php?rest_route=%2Fwp%2Fv2%2Fcomments&post=91482"}],"version-history":[{"count":0,"href":"https:\/\/diarioregionaldigital.com.br\/index.php?rest_route=\/wp\/v2\/posts\/91482\/revisions"}],"wp:featuredmedia":[{"embeddable":true,"href":"https:\/\/diarioregionaldigital.com.br\/index.php?rest_route=\/wp\/v2\/media\/91481"}],"wp:attachment":[{"href":"https:\/\/diarioregionaldigital.com.br\/index.php?rest_route=%2Fwp%2Fv2%2Fmedia&parent=91482"}],"wp:term":[{"taxonomy":"category","embeddable":true,"href":"https:\/\/diarioregionaldigital.com.br\/index.php?rest_route=%2Fwp%2Fv2%2Fcategories&post=91482"},{"taxonomy":"post_tag","embeddable":true,"href":"https:\/\/diarioregionaldigital.com.br\/index.php?rest_route=%2Fwp%2Fv2%2Ftags&post=91482"}],"curies":[{"name":"wp","href":"https:\/\/api.w.org\/{rel}","templated":true}]}}