{"id":91478,"date":"2018-02-07T22:29:06","date_gmt":"2018-02-08T00:29:06","guid":{"rendered":"http:\/\/diarioregionaljf.com.br\/2018\/02\/07\/servidoras-da-sel-participam-de-evento-internacional-no-rio\/"},"modified":"2018-02-07T22:29:06","modified_gmt":"2018-02-08T00:29:06","slug":"servidoras-da-sel-participam-de-evento-internacional-no-rio","status":"publish","type":"post","link":"https:\/\/diarioregionaldigital.com.br\/?p=91478","title":{"rendered":"Servidoras da SEL participam de evento internacional no Rio"},"content":{"rendered":"<p>Servidoras da Secretaria de Esporte e Lazer (SEL) da Prefeitura de Juiz de Fora (PJF) participaram do 6\u00ba Semin\u00e1rio Internacional e 10\u00ba Curso de Capacita\u00e7\u00e3o T\u00e9cnica da Associa\u00e7\u00e3o Nacional de Desporto para Deficientes (Ande), no Rio de Janeiro, entre 31 de janeiro e 4 de fevereiro.<\/p>\n<p> Os dois eventos acontecem anualmente, visando forma\u00e7\u00e3o t\u00e9cnica e desenvolvimento do trabalho, disseminando conhecimento em esportes paral\u00edmpicos, com \u00eanfase nas \u00e1reas direcionadas \u00e0s pessoas com paralisia cerebral, estabelecendo conex\u00e3o entre os saberes pr\u00e1tico e cient\u00edfico. A participa\u00e7\u00e3o de representantes da PJF tem, tamb\u00e9m, o objetivo de divulga\u00e7\u00e3o do Programa \u201cJF Paral\u00edmpico\u201d, realizado pela SEL.<\/p>\n<p> As servidoras municipais tiveram seus trabalhos aprovados em sele\u00e7\u00e3o pr\u00e9via da Ande, para apresenta\u00e7\u00e3o em forma de p\u00f4ster, neste evento. Os temas foram: \u201cScout Para Iniciantes da Bocha Paral\u00edmpica\u201d, com a professora Adriana Guarino; \u201cO uso do M\u00e9todo Pilates no Ganho de For\u00e7a Abdominal em Atletas Paral\u00edmpicos\u201d, com Giselle Pinheiro Leoc\u00e1dio; \u201cPropostas Pedag\u00f3gicas Para Pr\u00e1tica do Polybat\u201d, com Ivana de Barros; e \u201cPrograma \u2018JF Paral\u00edmpico\u2019: Uma Pol\u00edtica P\u00fablica de Desenvolvimento Esportivo e Inclus\u00e3o Social e Treinamento Postural em Atleta com Paralisia Cerebral, Para Melhoria da Performance na Petra\u201d, com a coordenadora do \u201cJF Paral\u00edmpico\u201d, Karla Mesquita Belgo, e coautoria de C\u00e9lia Maria Claveland de Paula Castro.<\/p>\n<p> O programa &#8220;JF Paral\u00edmpico&#8221; tem objetivo de propiciar a pr\u00e1tica de exerc\u00edcios f\u00edsicos e consequente melhoria na qualidade de vida das pessoas com algum tipo de defici\u00eancia. Desta forma, o atendimento se torna unificado e \u00e9 poss\u00edvel criar a cultura da pr\u00e1tica esportiva para este p\u00fablico na cidade, assim como oportunizar a inser\u00e7\u00e3o destas pessoas em eventos competitivos.<\/p>\n<p> Para saber sobre o programa ligue: 3690-7853.<\/p>\n<p><strong>Fonte: Assessoria\/SEL<\/strong><\/p>\n<p><strong>&nbsp;<\/strong><\/p>\n<p><strong>&nbsp;<\/strong><\/p>\n","protected":false},"excerpt":{"rendered":"<p>Servidoras da Secretaria de Esporte e Lazer (SEL) da Prefeitura de Juiz de Fora (PJF) participaram do 6\u00ba Semin\u00e1rio Internacional e 10\u00ba Curso de Capacita\u00e7\u00e3o T\u00e9cnica da Associa\u00e7\u00e3o Nacional de Desporto para Deficientes (Ande), no Rio de Janeiro, entre 31 de janeiro e 4 de fevereiro. Os dois eventos acontecem anualmente, visando forma\u00e7\u00e3o t\u00e9cnica e [&hellip;]<\/p>\n","protected":false},"author":96,"featured_media":91477,"comment_status":"closed","ping_status":"closed","sticky":false,"template":"","format":"standard","meta":{"footnotes":""},"categories":[257],"tags":[],"class_list":["post-91478","post","type-post","status-publish","format-standard","has-post-thumbnail","hentry","category-esporte"],"_links":{"self":[{"href":"https:\/\/diarioregionaldigital.com.br\/index.php?rest_route=\/wp\/v2\/posts\/91478","targetHints":{"allow":["GET"]}}],"collection":[{"href":"https:\/\/diarioregionaldigital.com.br\/index.php?rest_route=\/wp\/v2\/posts"}],"about":[{"href":"https:\/\/diarioregionaldigital.com.br\/index.php?rest_route=\/wp\/v2\/types\/post"}],"author":[{"embeddable":true,"href":"https:\/\/diarioregionaldigital.com.br\/index.php?rest_route=\/wp\/v2\/users\/96"}],"replies":[{"embeddable":true,"href":"https:\/\/diarioregionaldigital.com.br\/index.php?rest_route=%2Fwp%2Fv2%2Fcomments&post=91478"}],"version-history":[{"count":0,"href":"https:\/\/diarioregionaldigital.com.br\/index.php?rest_route=\/wp\/v2\/posts\/91478\/revisions"}],"wp:featuredmedia":[{"embeddable":true,"href":"https:\/\/diarioregionaldigital.com.br\/index.php?rest_route=\/wp\/v2\/media\/91477"}],"wp:attachment":[{"href":"https:\/\/diarioregionaldigital.com.br\/index.php?rest_route=%2Fwp%2Fv2%2Fmedia&parent=91478"}],"wp:term":[{"taxonomy":"category","embeddable":true,"href":"https:\/\/diarioregionaldigital.com.br\/index.php?rest_route=%2Fwp%2Fv2%2Fcategories&post=91478"},{"taxonomy":"post_tag","embeddable":true,"href":"https:\/\/diarioregionaldigital.com.br\/index.php?rest_route=%2Fwp%2Fv2%2Ftags&post=91478"}],"curies":[{"name":"wp","href":"https:\/\/api.w.org\/{rel}","templated":true}]}}